{"id":50,"date":"2015-04-02T18:49:40","date_gmt":"2015-04-02T18:49:40","guid":{"rendered":"http:\/\/www.umsocorpo.com.br\/site\/historia-dos-hebreus\/?p=50"},"modified":"2015-04-02T18:49:40","modified_gmt":"2015-04-02T18:49:40","slug":"capitulo-19-morte-de-isaque","status":"publish","type":"post","link":"https:\/\/umsocorpo.com.br\/historia-dos-hebreus\/capitulo-19-morte-de-isaque\/","title":{"rendered":"Cap\u00edtulo 19 &#8211; Morte de Isaque."},"content":{"rendered":"<p>jac\u00f3 n\u00e3o teve a consola\u00e7\u00e3o de encontrar Rebeca, sua m\u00e3e, ainda com vida, e Isaque viveu muito pouco depois do seu regresso. Esa\u00fa e Jac\u00f3 enterraram-no junto de Rebeca, em Hebrom, no t\u00famulo destinado a toda a sua descend\u00ean\u00adcia. Esse homem foi t\u00e3o ilustre em virtude que mereceu que Deus o cumulasse de b\u00ean\u00e7\u00e3os e n\u00e3o tomasse menos cuidado dele do que de Abra\u00e3o, seu pai. Viveu cento e oitenta e cinco anos, que ent\u00e3o era uma longa idade. S\u00f3 teve e mereceu louvores durante todo o curso de sua vida.<\/p>\n","protected":false},"excerpt":{"rendered":"<p>jac\u00f3 n\u00e3o teve a consola\u00e7\u00e3o de encontrar Rebeca, sua m\u00e3e, ainda com vida, e Isaque viveu muito pouco depois do seu regresso. Esa\u00fa e Jac\u00f3 enterraram-no junto de Rebeca, em Hebrom, no t\u00famulo destinado a toda a sua descend\u00ean\u00adcia. Esse homem foi t\u00e3o ilustre em virtude que mereceu que Deus o cumulasse de b\u00ean\u00e7\u00e3os e&#8230; <a href=\"https:\/\/umsocorpo.com.br\/historia-dos-hebreus\/capitulo-19-morte-de-isaque\/\">ler mais &raquo;<\/a><\/p>\n","protected":false},"author":1,"featured_media":0,"comment_status":"open","ping_status":"open","sticky":false,"template":"","format":"standard","meta":{"footnotes":""},"categories":[17],"tags":[1662,1971],"class_list":["post-50","post","type-post","status-publish","format-standard","hentry","category-livro-primeiro","tag-isaque","tag-morte"],"_links":{"self":[{"href":"https:\/\/umsocorpo.com.br\/historia-dos-hebreus\/wp-json\/wp\/v2\/posts\/50","targetHints":{"allow":["GET"]}}],"collection":[{"href":"https:\/\/umsocorpo.com.br\/historia-dos-hebreus\/wp-json\/wp\/v2\/posts"}],"about":[{"href":"https:\/\/umsocorpo.com.br\/historia-dos-hebreus\/wp-json\/wp\/v2\/types\/post"}],"author":[{"embeddable":true,"href":"https:\/\/umsocorpo.com.br\/historia-dos-hebreus\/wp-json\/wp\/v2\/users\/1"}],"replies":[{"embeddable":true,"href":"https:\/\/umsocorpo.com.br\/historia-dos-hebreus\/wp-json\/wp\/v2\/comments?post=50"}],"version-history":[{"count":0,"href":"https:\/\/umsocorpo.com.br\/historia-dos-hebreus\/wp-json\/wp\/v2\/posts\/50\/revisions"}],"wp:attachment":[{"href":"https:\/\/umsocorpo.com.br\/historia-dos-hebreus\/wp-json\/wp\/v2\/media?parent=50"}],"wp:term":[{"taxonomy":"category","embeddable":true,"href":"https:\/\/umsocorpo.com.br\/historia-dos-hebreus\/wp-json\/wp\/v2\/categories?post=50"},{"taxonomy":"post_tag","embeddable":true,"href":"https:\/\/umsocorpo.com.br\/historia-dos-hebreus\/wp-json\/wp\/v2\/tags?post=50"}],"curies":[{"name":"wp","href":"https:\/\/api.w.org\/{rel}","templated":true}]}}