{"id":193,"date":"2015-04-02T23:18:03","date_gmt":"2015-04-02T23:18:03","guid":{"rendered":"http:\/\/www.umsocorpo.com.br\/site\/historia-dos-hebreus\/?p=193"},"modified":"2015-04-02T23:18:03","modified_gmt":"2015-04-02T23:18:03","slug":"capitulo-12-ultimas-instrucoes-de-davi-a-salomao-e-sua-morte-salomao-o-sepulta-com-extraordinaria-magnificencia","status":"publish","type":"post","link":"https:\/\/umsocorpo.com.br\/historia-dos-hebreus\/capitulo-12-ultimas-instrucoes-de-davi-a-salomao-e-sua-morte-salomao-o-sepulta-com-extraordinaria-magnificencia\/","title":{"rendered":"Cap\u00edtulo 12 &#8211; Ultimas instru\u00e7\u00f5es de Davi a Salom\u00e3o e sua morte. Salom\u00e3o o sepulta com extraordin\u00e1ria magnific\u00eancia."},"content":{"rendered":"<p>1 <em>Reis 2. <\/em>Pouco tempo depois, Davi, sentindo-se desfalecer inteiramente, julgou que a sua hora estava pr\u00f3xima. Mandou vir Salom\u00e3o e disse-lhe: &#8220;Meu filho, eis-me prestes a pagar o tributo que todos devemos \u00e0 natureza e juntar-me aos meus antepassados. E um caminho que todos devem percorrer e do qual jamais se volta. Eis por que emprego esse pouco de vida que me resta para recomendar-vos que sejais justo para com os vossos s\u00faditos, religioso para com Deus, que vos elevou ao trono, e cuidadoso em observar os mandamentos que Ele nos deu por meio de Mois\u00e9s, sem que nem o favor, nem a adula\u00e7\u00e3o, nem a paix\u00e3o, nem qualquer outro motivo vos possam deles afastar. Se cumprirdes fielmente esse dever ao qual estais obrigado e a que eu vos exorto, Ele consolidar\u00e1 o cetro na nossa fam\u00edlia e jamais um outro dominar\u00e1 sobre os hebreus. Lembrai-vos dos crimes cometidos por Joabe, quando a sua inveja o levou a matar \u00e0 trai\u00e7\u00e3o dois generais, Abner e Amasa, homens de bem e de grande m\u00e9rito. Vingai a morte deles da maneira que julgardes mais conveniente. Eu n\u00e3o o pude fazer porque ele era mais poderoso que eu. Recomendo-vos os filhos de Barzilai, gileadita. Tributai-lhes, por mim, um afeto particular, conservando-os perto de v\u00f3s em grande honra, e n\u00e3o considereis um benef\u00edcio o tratamento que lhes dispensardes, mas uma d\u00edvida de gratid\u00e3o que tenho para com o pai deles, o qual, quando eu estava exilado, ajudou-me com generosidade sem igual e nos tornou assim seus devedores. Com rela\u00e7\u00e3o a Simei, que ousou insultar-me com mil inj\u00farias quando fui obrigado a sair de Jerusal\u00e9m para buscar seguran\u00e7a al\u00e9m do Jord\u00e3o e ao qual prometi no entanto salvar a vida quando ele veio \u00e0 minha presen\u00e7a, ap\u00f3s o meu regresso, deixo-vos a miss\u00e3o de castig\u00e1-lo segundo o motivo que ele vos der para isso&#8221;.<\/p>\n<p>Depois de assim falar a Salom\u00e3o, morreu Davi, na idade de setenta anos, tendo reinado sete anos e meio em Hebrom, sobre a tribo de Jud\u00e1, e trinta e tr\u00eas anos em Jerusal\u00e9m, sobre toda a na\u00e7\u00e3o hebraica. Foi um pr\u00edncipe de grande piedade e tinha todas as qualidades necess\u00e1rias a um rei que tem a peito a tranq\u00fcilidade e a felicidade de um grande povo.<\/p>\n<p>Nenhum outro foi t\u00e3o valente. Era sempre o primeiro a se expor ao perigo, para o bem de seus s\u00faditos e a gl\u00f3ria de sua na\u00e7\u00e3o. Convencia os seus mais pelo exemplo que pela autoridade a fazer atos de valor t\u00e3o extraordin\u00e1rios que, por mais verdadeiros que fossem, pareciam inacredit\u00e1veis.<\/p>\n<p>Ele era muito s\u00e1bio em seus conselhos, muito resoluto nas delibera\u00e7\u00f5es, mui\u00adto previdente no que se referia ao futuro, al\u00e9m de s\u00f3brio, doce, compassivo com os males de outrem e muito justo, virtudes dignas dos grandes pr\u00edncipes. Jamais abusou do soberano poder ao qual se viu elevado, exceto quando se deixou levar pela paix\u00e3o por Bate-Seba. Jamais um rei, seja dos hebreus, seja de outra na\u00e7\u00e3o, deixou t\u00e3o grandes tesouros.<\/p>\n<p>O rei Salom\u00e3o, seu filho, sepultou-o em Jerusal\u00e9m, com tal magnific\u00eancia que, al\u00e9m das cerim\u00f4nias que se fazem nos funerais dos reis, mandou colocar no sepulcro riquezas incr\u00edveis, como ser\u00e1 f\u00e1cil julgar pelo que vou dizer.<\/p>\n<p>Mil e trezentos anos depois, Ant\u00edoco, cognominado o Religioso, filho de Dem\u00e9trio, sitiou Jerusal\u00e9m, e Hircano, sumo sacerdote, querendo obrig\u00e1-lo a peso de ouro a levantar o cerco e n\u00e3o podendo encontrar o ouro em outro lugar, mandou abrir esse sepulcro e de l\u00e1 tirou tr\u00eas mil talentos, dos quais deu uma parte ao pr\u00edncipe.<\/p>\n<p>Muito tempo depois, o rei Herodes tirou uma soma muito grande de outra parte do sepulcro, onde esses tesouros estavam escondidos, sem que no entanto se tenha tocado no ata\u00fade onde as cinzas dos reis estavam encerradas, pois estava oculto com tanta arte embaixo da terra que n\u00e3o foi poss\u00edvel encontr\u00e1-lo.<\/p>\n","protected":false},"excerpt":{"rendered":"<p>1 Reis 2. Pouco tempo depois, Davi, sentindo-se desfalecer inteiramente, julgou que a sua hora estava pr\u00f3xima. Mandou vir Salom\u00e3o e disse-lhe: &#8220;Meu filho, eis-me prestes a pagar o tributo que todos devemos \u00e0 natureza e juntar-me aos meus antepassados. E um caminho que todos devem percorrer e do qual jamais se volta. Eis por&#8230; <a href=\"https:\/\/umsocorpo.com.br\/historia-dos-hebreus\/capitulo-12-ultimas-instrucoes-de-davi-a-salomao-e-sua-morte-salomao-o-sepulta-com-extraordinaria-magnificencia\/\">ler mais &raquo;<\/a><\/p>\n","protected":false},"author":1,"featured_media":0,"comment_status":"open","ping_status":"open","sticky":false,"template":"","format":"standard","meta":{"footnotes":""},"categories":[27],"tags":[801,1244,1627,1833,1971,2720,2795,3091],"class_list":["post-193","post","type-post","status-publish","format-standard","hentry","category-livro-setimo","tag-davi","tag-extraordinaria","tag-instrucoes","tag-magnificencia","tag-morte","tag-salomao","tag-sepulta","tag-ultimas"],"_links":{"self":[{"href":"https:\/\/umsocorpo.com.br\/historia-dos-hebreus\/wp-json\/wp\/v2\/posts\/193","targetHints":{"allow":["GET"]}}],"collection":[{"href":"https:\/\/umsocorpo.com.br\/historia-dos-hebreus\/wp-json\/wp\/v2\/posts"}],"about":[{"href":"https:\/\/umsocorpo.com.br\/historia-dos-hebreus\/wp-json\/wp\/v2\/types\/post"}],"author":[{"embeddable":true,"href":"https:\/\/umsocorpo.com.br\/historia-dos-hebreus\/wp-json\/wp\/v2\/users\/1"}],"replies":[{"embeddable":true,"href":"https:\/\/umsocorpo.com.br\/historia-dos-hebreus\/wp-json\/wp\/v2\/comments?post=193"}],"version-history":[{"count":0,"href":"https:\/\/umsocorpo.com.br\/historia-dos-hebreus\/wp-json\/wp\/v2\/posts\/193\/revisions"}],"wp:attachment":[{"href":"https:\/\/umsocorpo.com.br\/historia-dos-hebreus\/wp-json\/wp\/v2\/media?parent=193"}],"wp:term":[{"taxonomy":"category","embeddable":true,"href":"https:\/\/umsocorpo.com.br\/historia-dos-hebreus\/wp-json\/wp\/v2\/categories?post=193"},{"taxonomy":"post_tag","embeddable":true,"href":"https:\/\/umsocorpo.com.br\/historia-dos-hebreus\/wp-json\/wp\/v2\/tags?post=193"}],"curies":[{"name":"wp","href":"https:\/\/api.w.org\/{rel}","templated":true}]}}