{"id":1203,"date":"2015-04-06T01:52:53","date_gmt":"2015-04-06T01:52:53","guid":{"rendered":"http:\/\/www.umsocorpo.com.br\/site\/historia-dos-hebreus\/?p=1203"},"modified":"2015-04-06T01:52:53","modified_gmt":"2015-04-06T01:52:53","slug":"capitulo-9-martirio-do-sexto-dos-sete-irmaos","status":"publish","type":"post","link":"https:\/\/umsocorpo.com.br\/historia-dos-hebreus\/capitulo-9-martirio-do-sexto-dos-sete-irmaos\/","title":{"rendered":"Cap\u00edtulo 9 &#8211; Mart\u00edrio do sexto dos sete irm\u00e3os."},"content":{"rendered":"<p>Depois da morte do quinto dos irm\u00e3os, trouxeram o sexto, que era muito jovem. Antioco perguntou-lhe se ele n\u00e3o queria salvar a vida, comendo a carne que ele havia ordenado comer e ele respondeu: &#8220;\u00c9 verdade que quanto \u00e0 idade eu sou mais mo\u00e7o que meus irm\u00e3os, mas n\u00e3o tenho menor firmeza e coragem do que eles. Como fomos educados juntos e instru\u00eddos nos mesmos sentimen\u00adtos, eu os conservarei como eles, at\u00e9 \u00e0 morte. Por isso, se resolvestes fazer ator\u00admentar-me porque eu n\u00e3o quero comer dessas iguarias, que nossa lei pro\u00edbe, n\u00e3o deveis perder tempo&#8221;. Estenderam-no ent\u00e3o sobre a roda, para queim\u00e1-lo a fogo lento, furaram-lhe todas as partes do corpo at\u00e9 \u00e0s entranhas, com peque\u00adnas pontas de ferro, bem agudas, que haviam feito ficar rubras no fogo. Ele permaneceu intr\u00e9pido nesse combate e disse, dirigindo-se a Antioco: &#8220;Feliz e glorioso tormento que, sobre tantos irm\u00e3os n\u00e3o lhe puderam vencer a const\u00e2n\u00adcia, porque todos eles o sofreram pela pr\u00f3pria religi\u00e3o e uma consci\u00eancia pura acompanhada pelas boas obras, \u00e9 invenc\u00edvel. Inimigo dos servos de Deus, estou pronto a morrer com meus irm\u00e3os e a ser como eles para vossa alma criminosa, um objeto de horror que a atormentar\u00e1 sem cessar. Por mais jovens que sejamos, triunfaremos de vossa tirania, sem que esteja em vosso poder fazer-nos experi\u00admentar essa comida, de que n\u00e3o poderia eu me servir sem sacril\u00e9gio. N\u00f3s s\u00f3 encontramos frescura no fogo e alegria nos tormentos, porque desejando execu\u00adtar, n\u00e3o as ordens de um tirano, mas as de Deus, nossa resolu\u00e7\u00e3o \u00e9 inquebrant\u00e1-vel&#8221;. Mal havia acabado de dizer estas palavras, lan\u00e7aram-no a uma caldeira, onde terminou sua vida mortal para passar \u00e0 eterna.<\/p>\n","protected":false},"excerpt":{"rendered":"<p>Depois da morte do quinto dos irm\u00e3os, trouxeram o sexto, que era muito jovem. Antioco perguntou-lhe se ele n\u00e3o queria salvar a vida, comendo a carne que ele havia ordenado comer e ele respondeu: &#8220;\u00c9 verdade que quanto \u00e0 idade eu sou mais mo\u00e7o que meus irm\u00e3os, mas n\u00e3o tenho menor firmeza e coragem do&#8230; <a href=\"https:\/\/umsocorpo.com.br\/historia-dos-hebreus\/capitulo-9-martirio-do-sexto-dos-sete-irmaos\/\">ler mais &raquo;<\/a><\/p>\n","protected":false},"author":1,"featured_media":0,"comment_status":"open","ping_status":"open","sticky":false,"template":"","format":"standard","meta":{"footnotes":""},"categories":[36],"tags":[1653,1887,2813,2818],"class_list":["post-1203","post","type-post","status-publish","format-standard","hentry","category-livro-unico","tag-irmaos","tag-martirio","tag-sete","tag-sexto"],"_links":{"self":[{"href":"https:\/\/umsocorpo.com.br\/historia-dos-hebreus\/wp-json\/wp\/v2\/posts\/1203","targetHints":{"allow":["GET"]}}],"collection":[{"href":"https:\/\/umsocorpo.com.br\/historia-dos-hebreus\/wp-json\/wp\/v2\/posts"}],"about":[{"href":"https:\/\/umsocorpo.com.br\/historia-dos-hebreus\/wp-json\/wp\/v2\/types\/post"}],"author":[{"embeddable":true,"href":"https:\/\/umsocorpo.com.br\/historia-dos-hebreus\/wp-json\/wp\/v2\/users\/1"}],"replies":[{"embeddable":true,"href":"https:\/\/umsocorpo.com.br\/historia-dos-hebreus\/wp-json\/wp\/v2\/comments?post=1203"}],"version-history":[{"count":0,"href":"https:\/\/umsocorpo.com.br\/historia-dos-hebreus\/wp-json\/wp\/v2\/posts\/1203\/revisions"}],"wp:attachment":[{"href":"https:\/\/umsocorpo.com.br\/historia-dos-hebreus\/wp-json\/wp\/v2\/media?parent=1203"}],"wp:term":[{"taxonomy":"category","embeddable":true,"href":"https:\/\/umsocorpo.com.br\/historia-dos-hebreus\/wp-json\/wp\/v2\/categories?post=1203"},{"taxonomy":"post_tag","embeddable":true,"href":"https:\/\/umsocorpo.com.br\/historia-dos-hebreus\/wp-json\/wp\/v2\/tags?post=1203"}],"curies":[{"name":"wp","href":"https:\/\/api.w.org\/{rel}","templated":true}]}}