{"id":1192,"date":"2015-04-06T01:51:19","date_gmt":"2015-04-06T01:51:19","guid":{"rendered":"http:\/\/www.umsocorpo.com.br\/site\/historia-dos-hebreus\/?p=1192"},"modified":"2015-04-06T01:51:19","modified_gmt":"2015-04-06T01:51:19","slug":"capitulo-4-martirio-do-primeiro-dos-sete-irmaos","status":"publish","type":"post","link":"https:\/\/umsocorpo.com.br\/historia-dos-hebreus\/capitulo-4-martirio-do-primeiro-dos-sete-irmaos\/","title":{"rendered":"Cap\u00edtulo 4 &#8211; Mart\u00edrio do primeiro dos sete irm\u00e3os."},"content":{"rendered":"<p>Uma resposta t\u00e3o corajosa e t\u00e3o generosa p\u00f4s esse b\u00e1rbaro pr\u00edncipe em desespe\u00adrado furor, porque ele n\u00e3o considerava somente aqueles sete irm\u00e3os como desobedientes, mas como ingratos, que desprezavam os favores que lhes queria fazer.<\/p>\n<p>Os algozes para obedecer-lhe, come\u00e7aram por arrancar as vestes do mais velho dos irm\u00e3os, amarraram-lhe as m\u00e3os \u00e0s costas e o vergastaram com a\u00e7oites, at\u00e9 rasgarem-lhe a carne. Estenderam-no depois na roda, onde se quebraram todas as partes de seu corpo; ent\u00e3o ele dirigiu a palavra a Ant\u00edoco e disse: &#8220;Oh! crudel\u00edssimo dentre todos os tiranos, que vos fiz para me pordes neste estado? Sou talvez um assassino ou violei com algum outro crime a lei de Deus? N\u00e3o \u00e9 justamente o contr\u00e1rio, porque eu a quero guardar, que me tratais deste modo?&#8221; Os guardas do pr\u00edncipe ent\u00e3o disseram-lhe: &#8220;Prometei comer esta carne e livrar-vos-eis de todos estes sofrimentos&#8221;. Ele, por\u00e9m, respondeu: &#8220;Ministros da iniq\u00fcidade, por mais tem\u00edvel que seja esta roda, jamais o ser\u00e1 para me fazer mudar de resolu\u00e7\u00e3o. Cortai todos os meus membros em pedacinhos, consumi toda a minha carne no fogo, quebrai todos os meus ossos, eu vos mostrarei que n\u00e3o h\u00e1 tormento contra os quais os verdadeiros filhos dos judeus n\u00e3o saiam vencedores, por sua const\u00e2ncia e por sua f\u00e9&#8221;. Enquanto ele assim falava os car\u00adrascos acenderam o fogo sob aquela terr\u00edvel roda, banhada de sangue, que jorra\u00adva de seu corpo; via-se cair pelos raios a carne em peda\u00e7os, os ossos estavam todos quebrados e moidos. Mas no meio de tantos e t\u00e3o horr\u00edveis sofrimentos esse generoso israelita, digno sucessor de Aar\u00e3o, n\u00e3o soltou nem um suspiro. Como se o fogo n\u00e3o agisse sobre seu corpo, sen\u00e3o para torn\u00e1-lo incorrupt\u00edvel e impass\u00edvel, sua alma permanecia sempre numa atitude t\u00e3o elevada, acima dos seus sofrimentos, que ele disse aos seus irm\u00e3os: &#8220;Agora n\u00e3o nos deve restar ne\u00adnhum pensamento do presente s\u00e9culo. Chegou a hora de mostrarmos a grande\u00adza de alma que a torna vitoriosa sobre todos os sentimentos da natureza. Deve\u00admos responder com nossa coragem \u00e0 honra que temos de ser inclu\u00eddos nessa mil\u00edcia santa, que nos obriga a dar nossa vida com alegria para cantarmos a gl\u00f3ria de Deus. Ele \u00e9 bom, \u00e9 Todo-poderoso: toda nossa na\u00e7\u00e3o deve-lhe a nossa fidelidade; n\u00e3o h\u00e1 castigos que esse tirano n\u00e3o deva esperar de sua justi\u00e7a&#8221;. Morreu, depois de ter dito estas palavras, e sua coragem invenc\u00edvel encheu de espanto a todos os que foram testemunhas do seu mart\u00edrio.<\/p>\n","protected":false},"excerpt":{"rendered":"<p>Uma resposta t\u00e3o corajosa e t\u00e3o generosa p\u00f4s esse b\u00e1rbaro pr\u00edncipe em desespe\u00adrado furor, porque ele n\u00e3o considerava somente aqueles sete irm\u00e3os como desobedientes, mas como ingratos, que desprezavam os favores que lhes queria fazer. Os algozes para obedecer-lhe, come\u00e7aram por arrancar as vestes do mais velho dos irm\u00e3os, amarraram-lhe as m\u00e3os \u00e0s costas e&#8230; <a href=\"https:\/\/umsocorpo.com.br\/historia-dos-hebreus\/capitulo-4-martirio-do-primeiro-dos-sete-irmaos\/\">ler mais &raquo;<\/a><\/p>\n","protected":false},"author":1,"featured_media":0,"comment_status":"open","ping_status":"open","sticky":false,"template":"","format":"standard","meta":{"footnotes":""},"categories":[36],"tags":[1653,1887,2354,2813],"class_list":["post-1192","post","type-post","status-publish","format-standard","hentry","category-livro-unico","tag-irmaos","tag-martirio","tag-primeiro","tag-sete"],"_links":{"self":[{"href":"https:\/\/umsocorpo.com.br\/historia-dos-hebreus\/wp-json\/wp\/v2\/posts\/1192","targetHints":{"allow":["GET"]}}],"collection":[{"href":"https:\/\/umsocorpo.com.br\/historia-dos-hebreus\/wp-json\/wp\/v2\/posts"}],"about":[{"href":"https:\/\/umsocorpo.com.br\/historia-dos-hebreus\/wp-json\/wp\/v2\/types\/post"}],"author":[{"embeddable":true,"href":"https:\/\/umsocorpo.com.br\/historia-dos-hebreus\/wp-json\/wp\/v2\/users\/1"}],"replies":[{"embeddable":true,"href":"https:\/\/umsocorpo.com.br\/historia-dos-hebreus\/wp-json\/wp\/v2\/comments?post=1192"}],"version-history":[{"count":0,"href":"https:\/\/umsocorpo.com.br\/historia-dos-hebreus\/wp-json\/wp\/v2\/posts\/1192\/revisions"}],"wp:attachment":[{"href":"https:\/\/umsocorpo.com.br\/historia-dos-hebreus\/wp-json\/wp\/v2\/media?parent=1192"}],"wp:term":[{"taxonomy":"category","embeddable":true,"href":"https:\/\/umsocorpo.com.br\/historia-dos-hebreus\/wp-json\/wp\/v2\/categories?post=1192"},{"taxonomy":"post_tag","embeddable":true,"href":"https:\/\/umsocorpo.com.br\/historia-dos-hebreus\/wp-json\/wp\/v2\/tags?post=1192"}],"curies":[{"name":"wp","href":"https:\/\/api.w.org\/{rel}","templated":true}]}}