{"id":11291,"date":"2025-03-20T00:01:58","date_gmt":"2015-05-15T00:26:16","guid":{"rendered":"https:\/\/umsocorpo.com.br\/admin\/face-a-face-hino-da-harpa-crista-no118\/"},"modified":"2025-03-20T21:33:07","modified_gmt":"2025-03-21T00:33:07","slug":"face-a-face-hino-da-harpa-crista-no118","status":"publish","type":"post","link":"https:\/\/umsocorpo.com.br\/harpa-crista\/face-a-face-hino-da-harpa-crista-no118\/","title":{"rendered":"Face A Face &#8211; Hino da Harpa Crist\u00e3 N\u00ba118"},"content":{"rendered":"\n<figure class=\"wp-block-audio\"><audio controls src=\"https:\/\/umsocorpo.com.br\/harpa-crista\/admin\/wp-content\/uploads\/2025\/03\/face-a-face-hino-da-harpa-crista-no-118.mp3\"><\/audio><\/figure>\n\n\n\n<p><strong>1\u00aa Estrofe<\/strong><br>\nNa presen\u00e7a estar de cristo,<br>\nEm sua gl\u00f3ria, que ser\u00e1;<br>\nL\u00e1 no c\u00e9u, em pleno gozo,<br>\nMinha alma o ver\u00e1.<\/p>\n\n\n\n<p><strong>&#8211; Coro &#8211;<\/strong><br>\nFace a face, espero v\u00ea-lo;<br>\nNo al\u00e9m do c\u00e9u de luz;<br>\nFace a face em plena gl\u00f3ria,<br>\nHei de ver o meu jesus.<\/p>\n\n\n\n<p><strong>2\u00aa Estrofe<\/strong><br>\nOh! que gl\u00f3ria ser\u00e1 v\u00ea-lo;<br>\nQue o possa eu mirar!<br>\nEis, em breve, vem o dia;<br>\nQue sua gl\u00f3ria h\u00e1 de mostrar.<\/p>\n\n\n\n<p><strong>3\u00aa Estrofe<\/strong><br>\nQuanto gozo h\u00e1 em cristo,<br>\nQuando n\u00e3o houver mais dor,<br>\nQuando cessar o perigo,<br>\nE gozarmos pleno amor.<\/p>\n\n\n\n<p><strong>4\u00aa Estrofe<\/strong><br>\nFace a face, qu\u00e3o glorioso<br>\nH\u00e1 de ser o existir,<br>\nVendo o rosto de quem veio,<br>\nNossas almas redimir.<\/p>\n","protected":false},"excerpt":{"rendered":"<p>1\u00aa Estrofe Na presen\u00e7a estar de cristo, Em sua gl\u00f3ria, que ser\u00e1; L\u00e1 no c\u00e9u, em pleno gozo, Minha alma o ver\u00e1. &#8211; Coro &#8211; Face a face, espero v\u00ea-lo; No al\u00e9m do c\u00e9u de luz; Face a face em plena gl\u00f3ria, Hei de ver o meu jesus. 2\u00aa Estrofe Oh! que gl\u00f3ria ser\u00e1 v\u00ea-lo;&#8230; <a href=\"https:\/\/umsocorpo.com.br\/harpa-crista\/face-a-face-hino-da-harpa-crista-no118\/\">ler mais &raquo;<\/a><\/p>\n","protected":false},"author":1,"featured_media":0,"comment_status":"open","ping_status":"open","sticky":false,"template":"","format":"standard","meta":{"footnotes":""},"categories":[3223],"tags":[3217,1505,3219],"class_list":["post-11291","post","type-post","status-publish","format-standard","hentry","category-101-a-200","tag-crista","tag-harpa","tag-harpa-crista"],"_links":{"self":[{"href":"https:\/\/umsocorpo.com.br\/harpa-crista\/wp-json\/wp\/v2\/posts\/11291","targetHints":{"allow":["GET"]}}],"collection":[{"href":"https:\/\/umsocorpo.com.br\/harpa-crista\/wp-json\/wp\/v2\/posts"}],"about":[{"href":"https:\/\/umsocorpo.com.br\/harpa-crista\/wp-json\/wp\/v2\/types\/post"}],"author":[{"embeddable":true,"href":"https:\/\/umsocorpo.com.br\/harpa-crista\/wp-json\/wp\/v2\/users\/1"}],"replies":[{"embeddable":true,"href":"https:\/\/umsocorpo.com.br\/harpa-crista\/wp-json\/wp\/v2\/comments?post=11291"}],"version-history":[{"count":0,"href":"https:\/\/umsocorpo.com.br\/harpa-crista\/wp-json\/wp\/v2\/posts\/11291\/revisions"}],"wp:attachment":[{"href":"https:\/\/umsocorpo.com.br\/harpa-crista\/wp-json\/wp\/v2\/media?parent=11291"}],"wp:term":[{"taxonomy":"category","embeddable":true,"href":"https:\/\/umsocorpo.com.br\/harpa-crista\/wp-json\/wp\/v2\/categories?post=11291"},{"taxonomy":"post_tag","embeddable":true,"href":"https:\/\/umsocorpo.com.br\/harpa-crista\/wp-json\/wp\/v2\/tags?post=11291"}],"curies":[{"name":"wp","href":"https:\/\/api.w.org\/{rel}","templated":true}]}}