{"id":11271,"date":"2025-03-20T00:02:08","date_gmt":"2015-05-15T00:26:15","guid":{"rendered":"https:\/\/umsocorpo.com.br\/admin\/entrega-teu-coracao-hino-da-harpa-crista-no128\/"},"modified":"2025-03-20T21:44:55","modified_gmt":"2025-03-21T00:44:55","slug":"entrega-teu-coracao-hino-da-harpa-crista-no128","status":"publish","type":"post","link":"https:\/\/umsocorpo.com.br\/harpa-crista\/entrega-teu-coracao-hino-da-harpa-crista-no128\/","title":{"rendered":"Entrega Teu Cora\u00e7\u00e3o &#8211; Hino da Harpa Crist\u00e3 N\u00ba128"},"content":{"rendered":"\n<figure class=\"wp-block-audio\"><audio controls src=\"https:\/\/umsocorpo.com.br\/harpa-crista\/admin\/wp-content\/uploads\/2025\/03\/entrega-teu-coracao-hino-da-harpa-crista-no-128.mp3\"><\/audio><\/figure>\n\n\n\n<p><strong>1\u00aa Estrofe<\/strong><br>\n\u00d3 alma triste, perdida,<br>\nQue vagas sem ter dire\u00e7\u00e3o!<br>\nAceita de deus a vida,<br>\nEntrega teu cora\u00e7\u00e3o!<\/p>\n\n\n\n<p><strong>&#8211; Coro &#8211;<\/strong><br>\nD\u00e1, hoje, a cristo,<br>\nTeu cora\u00e7\u00e3o, teu cora\u00e7\u00e3o.<br>\nPois nele achar\u00e1s a paz, o perd\u00e3o,<br>\nEntrega teu cora\u00e7\u00e3o.<br>\nD\u00e1, hoje, a cristo,<br>\nTeu cora\u00e7\u00e3o, teu cora\u00e7\u00e3o.<br>\nPois nele acharia a paz, o perd\u00e3o,<br>\nEntrega teu cora\u00e7\u00e3o.<\/p>\n\n\n\n<p><strong>2\u00aa Estrofe<\/strong><br>\nJesus n\u00e3o quer teu dinheiro;<br>\nDe gra\u00e7a te d\u00e1 salva\u00e7\u00e3o!<br>\nE gozo mui verdadeiro:<br>\nEntrega teu cora\u00e7\u00e3o!<\/p>\n\n\n\n<p><strong>3\u00aa Estrofe<\/strong><br>\nDe cristo ressuscitado<br>\nAceita o vero perd\u00e3o,<br>\nSe queres ser libertado,<br>\nEntrega teu cora\u00e7\u00e3o.<\/p>\n\n\n\n<p><strong>4\u00aa Estrofe<\/strong><br>\nAgora \u00e9 o tempo aceit\u00e1vel<br>\nO dia em que h\u00e1 salva\u00e7\u00e3o.<br>\nA cristo, meigo, ador\u00e1vel<br>\nEntrega teu cora\u00e7\u00e3o.<\/p>\n","protected":false},"excerpt":{"rendered":"<p>1\u00aa Estrofe \u00d3 alma triste, perdida, Que vagas sem ter dire\u00e7\u00e3o! Aceita de deus a vida, Entrega teu cora\u00e7\u00e3o! &#8211; Coro &#8211; D\u00e1, hoje, a cristo, Teu cora\u00e7\u00e3o, teu cora\u00e7\u00e3o. Pois nele achar\u00e1s a paz, o perd\u00e3o, Entrega teu cora\u00e7\u00e3o. D\u00e1, hoje, a cristo, Teu cora\u00e7\u00e3o, teu cora\u00e7\u00e3o. Pois nele acharia a paz, o perd\u00e3o,&#8230; <a href=\"https:\/\/umsocorpo.com.br\/harpa-crista\/entrega-teu-coracao-hino-da-harpa-crista-no128\/\">ler mais &raquo;<\/a><\/p>\n","protected":false},"author":1,"featured_media":0,"comment_status":"open","ping_status":"open","sticky":false,"template":"","format":"standard","meta":{"footnotes":""},"categories":[3223],"tags":[3217,1505,3219],"class_list":["post-11271","post","type-post","status-publish","format-standard","hentry","category-101-a-200","tag-crista","tag-harpa","tag-harpa-crista"],"_links":{"self":[{"href":"https:\/\/umsocorpo.com.br\/harpa-crista\/wp-json\/wp\/v2\/posts\/11271","targetHints":{"allow":["GET"]}}],"collection":[{"href":"https:\/\/umsocorpo.com.br\/harpa-crista\/wp-json\/wp\/v2\/posts"}],"about":[{"href":"https:\/\/umsocorpo.com.br\/harpa-crista\/wp-json\/wp\/v2\/types\/post"}],"author":[{"embeddable":true,"href":"https:\/\/umsocorpo.com.br\/harpa-crista\/wp-json\/wp\/v2\/users\/1"}],"replies":[{"embeddable":true,"href":"https:\/\/umsocorpo.com.br\/harpa-crista\/wp-json\/wp\/v2\/comments?post=11271"}],"version-history":[{"count":0,"href":"https:\/\/umsocorpo.com.br\/harpa-crista\/wp-json\/wp\/v2\/posts\/11271\/revisions"}],"wp:attachment":[{"href":"https:\/\/umsocorpo.com.br\/harpa-crista\/wp-json\/wp\/v2\/media?parent=11271"}],"wp:term":[{"taxonomy":"category","embeddable":true,"href":"https:\/\/umsocorpo.com.br\/harpa-crista\/wp-json\/wp\/v2\/categories?post=11271"},{"taxonomy":"post_tag","embeddable":true,"href":"https:\/\/umsocorpo.com.br\/harpa-crista\/wp-json\/wp\/v2\/tags?post=11271"}],"curies":[{"name":"wp","href":"https:\/\/api.w.org\/{rel}","templated":true}]}}