{"id":11267,"date":"2025-03-20T00:02:10","date_gmt":"2015-05-15T00:26:14","guid":{"rendered":"https:\/\/umsocorpo.com.br\/admin\/cristo-e-meu-hino-da-harpa-crista-no130\/"},"modified":"2025-03-20T21:45:00","modified_gmt":"2025-03-21T00:45:00","slug":"cristo-e-meu-hino-da-harpa-crista-no130","status":"publish","type":"post","link":"https:\/\/umsocorpo.com.br\/harpa-crista\/cristo-e-meu-hino-da-harpa-crista-no130\/","title":{"rendered":"Cristo \u00e9 Meu! &#8211; Hino da Harpa Crist\u00e3 N\u00ba130"},"content":{"rendered":"\n<figure class=\"wp-block-audio\"><audio controls src=\"https:\/\/umsocorpo.com.br\/harpa-crista\/admin\/wp-content\/uploads\/2025\/03\/cristo-e-meu-hino-da-harpa-crista-no-130.mp3\"><\/audio><\/figure>\n\n\n\n<p><strong>1\u00aa Estrofe<\/strong><br>\nManso pastor j\u00e1 no mundo viveu e ele \u00e9 meu,<br>\nNos dando a vida, por n\u00f3s padeceu e ele \u00e9 meu;<br>\nGra\u00e7a t\u00e3o vasta n\u00e3o posso sondar, mas ele \u00e9 meu.<br>\nSou perdoado j\u00e1 posso cantar, que ele \u00e9 meu.<\/p>\n\n\n\n<p><strong>&#8211; Coro &#8211;<\/strong><br>\nCristo \u00e9 meu! cristo \u00e9 meu!<br>\nMaravilhoso, mas certo \u00e9 dizer:<br>\nJesus \u00e9 meu!<\/p>\n\n\n\n<p><strong>2\u00aa Estrofe<\/strong><br>\nH\u00e1 um amigo de amor sem igual e ele \u00e9 meu;<br>\nSempre o mais forte, o mais firme e leal e ele \u00e9 meu.<br>\nSou t\u00e3o indigno de ser um dos seus, mas ele \u00e9 meu.<br>\nVou seu amor desfrutar, l\u00e1 nos c\u00e9us, pois ele \u00e9 meu.<\/p>\n\n\n\n<p><strong>3\u00aa Estrofe<\/strong><br>\nEle mandou-nos o consolador, tamb\u00e9m \u00e9 meu.<br>\nCheio de gra\u00e7a, de paz e de amor, e tudo \u00e9 meu.<br>\nNada me nega dos seus ricos dons, pois tudo \u00e9 meu.<br>\nGrandes tesouros, t\u00e3o puros e bons, s\u00e3o todos meus.<\/p>\n","protected":false},"excerpt":{"rendered":"<p>1\u00aa Estrofe Manso pastor j\u00e1 no mundo viveu e ele \u00e9 meu, Nos dando a vida, por n\u00f3s padeceu e ele \u00e9 meu; Gra\u00e7a t\u00e3o vasta n\u00e3o posso sondar, mas ele \u00e9 meu. Sou perdoado j\u00e1 posso cantar, que ele \u00e9 meu. &#8211; Coro &#8211; Cristo \u00e9 meu! cristo \u00e9 meu! Maravilhoso, mas certo \u00e9&#8230; <a href=\"https:\/\/umsocorpo.com.br\/harpa-crista\/cristo-e-meu-hino-da-harpa-crista-no130\/\">ler mais &raquo;<\/a><\/p>\n","protected":false},"author":1,"featured_media":0,"comment_status":"open","ping_status":"open","sticky":false,"template":"","format":"standard","meta":{"footnotes":""},"categories":[3223],"tags":[3217,1505,3219],"class_list":["post-11267","post","type-post","status-publish","format-standard","hentry","category-101-a-200","tag-crista","tag-harpa","tag-harpa-crista"],"_links":{"self":[{"href":"https:\/\/umsocorpo.com.br\/harpa-crista\/wp-json\/wp\/v2\/posts\/11267","targetHints":{"allow":["GET"]}}],"collection":[{"href":"https:\/\/umsocorpo.com.br\/harpa-crista\/wp-json\/wp\/v2\/posts"}],"about":[{"href":"https:\/\/umsocorpo.com.br\/harpa-crista\/wp-json\/wp\/v2\/types\/post"}],"author":[{"embeddable":true,"href":"https:\/\/umsocorpo.com.br\/harpa-crista\/wp-json\/wp\/v2\/users\/1"}],"replies":[{"embeddable":true,"href":"https:\/\/umsocorpo.com.br\/harpa-crista\/wp-json\/wp\/v2\/comments?post=11267"}],"version-history":[{"count":0,"href":"https:\/\/umsocorpo.com.br\/harpa-crista\/wp-json\/wp\/v2\/posts\/11267\/revisions"}],"wp:attachment":[{"href":"https:\/\/umsocorpo.com.br\/harpa-crista\/wp-json\/wp\/v2\/media?parent=11267"}],"wp:term":[{"taxonomy":"category","embeddable":true,"href":"https:\/\/umsocorpo.com.br\/harpa-crista\/wp-json\/wp\/v2\/categories?post=11267"},{"taxonomy":"post_tag","embeddable":true,"href":"https:\/\/umsocorpo.com.br\/harpa-crista\/wp-json\/wp\/v2\/tags?post=11267"}],"curies":[{"name":"wp","href":"https:\/\/api.w.org\/{rel}","templated":true}]}}