{"id":11253,"date":"2025-03-20T00:02:17","date_gmt":"2015-05-15T00:26:14","guid":{"rendered":"https:\/\/umsocorpo.com.br\/admin\/liberto-da-escravidao-hino-da-harpa-crista-no137\/"},"modified":"2025-03-20T21:52:14","modified_gmt":"2025-03-21T00:52:14","slug":"liberto-da-escravidao-hino-da-harpa-crista-no137","status":"publish","type":"post","link":"https:\/\/umsocorpo.com.br\/harpa-crista\/liberto-da-escravidao-hino-da-harpa-crista-no137\/","title":{"rendered":"Liberto Da Escravid\u00e3o &#8211; Hino da Harpa Crist\u00e3 N\u00ba137"},"content":{"rendered":"\n<figure class=\"wp-block-audio\"><audio controls src=\"https:\/\/umsocorpo.com.br\/harpa-crista\/admin\/wp-content\/uploads\/2025\/03\/liberto-da-escravidao-hino-da-harpa-crista-no-137.mp3\"><\/audio><\/figure>\n\n\n\n<p><strong>1\u00aa Estrofe<\/strong><br>\nEm babil\u00f4nia, em pris\u00e3o,<br>\nEstava israel,<br>\nO povo santo de si\u00e3o,<br>\nSofrendo dor cruel.<\/p>\n\n\n\n<p><strong>&#8211; Coro &#8211;<\/strong><br>\nMas, um dia, se ouviu,<br>\nQue do rei a voz saiu<br>\nPra voltarem da escravid\u00e3o.<br>\nTodo povo a jubilar,<br>\nCom as harpas a cantar,<br>\nFoi em busca de si\u00e3o.<\/p>\n\n\n\n<p><strong>2\u00aa Estrofe<\/strong><br>\n?cantai? disseram os caldeus,<br>\nOs hinos de si\u00e3o,<br>\nMas isto mais entristeceu,<br>\nOs filhos de abra\u00e3o.<\/p>\n\n\n\n<p><strong>3\u00aa Estrofe<\/strong><br>\nLibertos foram l\u00e1 por deus<br>\nDa vil escravid\u00e3o.<br>\nE toda alma se encheu,<br>\nDe riso e gratid\u00e3o.<\/p>\n\n\n\n<p><strong>4\u00aa Estrofe<\/strong><br>\nQu\u00e3o grandes coisas nos fez deus!<br>\nCantavam, j\u00e1. ent\u00e3o;<br>\nE qual um sonho pareceu<br>\nA volta pra si\u00e3o.<\/p>\n\n\n\n<p><strong>5\u00aa Estrofe<\/strong><br>\nE neste mundo, qual babel,<br>\nH\u00e1 muitos em pris\u00e3o,<br>\nSofrendo uma dor cruel,<br>\nSem ter consola\u00e7\u00e3o.<br>\nCoro final<br>\nMas, de cristo se ouviu<br>\nQue de deus, a voz saiu,<br>\nPra voltarem da escravid\u00e3o.<br>\nQueiras isto aceitar,<br>\nCom a harpa vem cantar,<br>\nE, assim, volta pra si\u00e3o.<\/p>\n","protected":false},"excerpt":{"rendered":"<p>1\u00aa Estrofe Em babil\u00f4nia, em pris\u00e3o, Estava israel, O povo santo de si\u00e3o, Sofrendo dor cruel. &#8211; Coro &#8211; Mas, um dia, se ouviu, Que do rei a voz saiu Pra voltarem da escravid\u00e3o. Todo povo a jubilar, Com as harpas a cantar, Foi em busca de si\u00e3o. 2\u00aa Estrofe ?cantai? disseram os caldeus, Os&#8230; <a href=\"https:\/\/umsocorpo.com.br\/harpa-crista\/liberto-da-escravidao-hino-da-harpa-crista-no137\/\">ler mais &raquo;<\/a><\/p>\n","protected":false},"author":1,"featured_media":0,"comment_status":"open","ping_status":"open","sticky":false,"template":"","format":"standard","meta":{"footnotes":""},"categories":[3223],"tags":[3217,1505,3219],"class_list":["post-11253","post","type-post","status-publish","format-standard","hentry","category-101-a-200","tag-crista","tag-harpa","tag-harpa-crista"],"_links":{"self":[{"href":"https:\/\/umsocorpo.com.br\/harpa-crista\/wp-json\/wp\/v2\/posts\/11253","targetHints":{"allow":["GET"]}}],"collection":[{"href":"https:\/\/umsocorpo.com.br\/harpa-crista\/wp-json\/wp\/v2\/posts"}],"about":[{"href":"https:\/\/umsocorpo.com.br\/harpa-crista\/wp-json\/wp\/v2\/types\/post"}],"author":[{"embeddable":true,"href":"https:\/\/umsocorpo.com.br\/harpa-crista\/wp-json\/wp\/v2\/users\/1"}],"replies":[{"embeddable":true,"href":"https:\/\/umsocorpo.com.br\/harpa-crista\/wp-json\/wp\/v2\/comments?post=11253"}],"version-history":[{"count":0,"href":"https:\/\/umsocorpo.com.br\/harpa-crista\/wp-json\/wp\/v2\/posts\/11253\/revisions"}],"wp:attachment":[{"href":"https:\/\/umsocorpo.com.br\/harpa-crista\/wp-json\/wp\/v2\/media?parent=11253"}],"wp:term":[{"taxonomy":"category","embeddable":true,"href":"https:\/\/umsocorpo.com.br\/harpa-crista\/wp-json\/wp\/v2\/categories?post=11253"},{"taxonomy":"post_tag","embeddable":true,"href":"https:\/\/umsocorpo.com.br\/harpa-crista\/wp-json\/wp\/v2\/tags?post=11253"}],"curies":[{"name":"wp","href":"https:\/\/api.w.org\/{rel}","templated":true}]}}