{"id":11205,"date":"2025-03-20T00:02:41","date_gmt":"2015-05-15T00:26:11","guid":{"rendered":"https:\/\/umsocorpo.com.br\/admin\/navegando-pra-terra-celeste-hino-da-harpa-crista-no161\/"},"modified":"2025-03-20T22:14:01","modified_gmt":"2025-03-21T01:14:01","slug":"navegando-pra-terra-celeste-hino-da-harpa-crista-no161","status":"publish","type":"post","link":"https:\/\/umsocorpo.com.br\/harpa-crista\/navegando-pra-terra-celeste-hino-da-harpa-crista-no161\/","title":{"rendered":"Navegando P&#8217;ra Terra Celeste &#8211; Hino da Harpa Crist\u00e3 N\u00ba161"},"content":{"rendered":"\n<figure class=\"wp-block-audio\"><audio controls src=\"https:\/\/umsocorpo.com.br\/harpa-crista\/admin\/wp-content\/uploads\/2025\/03\/navegando-pra-terra-celeste-hino-da-harpa-crista-no-161.mp3\"><\/audio><\/figure>\n\n\n\n<p><strong>1\u00aa Estrofe<\/strong><br>\nPra terra celeste meu barco andar\u00e1,<br>\nAli, onde os santos j\u00e1 est\u00e3o;<br>\nFindando a noite, manh\u00e3 romper\u00e1;<br>\nEnt\u00e3o, os remidos entrar\u00e3o.<\/p>\n\n\n\n<p><strong>&#8211; Coro &#8211;<\/strong><br>\nSim, vou pelas terras, pelos mares tamb\u00e9m,<br>\nAlerta, jesus me guiar\u00e1; ele prometeu a mim,<br>\nNunca deixar-me no mundo, por\u00e9m,<br>\nSim, levar-me ao porto, co?alegria sem fim.<\/p>\n\n\n\n<p><strong>2\u00aa Estrofe<\/strong><br>\nSer\u00e1 jubiloso esse dia pra mim,<br>\nEm que eu chegar ao c\u00e9u de luz;<br>\nQue paz e descanso, com deus, l\u00e1 sem fim!<br>\nSa\u00fado-te j\u00e1, \u00f3 meu jesus!<\/p>\n\n\n\n<p><strong>3\u00aa Estrofe<\/strong><br>\n\u00d3 mundo que jazes no vil tentador<br>\nN\u00e3o quero jamais em ti morar,<br>\nPra testa celeste eu vou com fervor,<br>\nLouvares a cristo irei cantar!<\/p>\n\n\n\n<p><strong>4\u00aa Estrofe<\/strong><br>\nAmigos, lembrai-vos que o naufragar<br>\n\u00c9 f\u00e1cil pra qualquer um de v\u00f3s;<br>\nConvite, pras bodas, jesus vos quer dar;<br>\nLugar h\u00e1 bastante para n\u00f3s.<\/p>\n","protected":false},"excerpt":{"rendered":"<p>1\u00aa Estrofe Pra terra celeste meu barco andar\u00e1, Ali, onde os santos j\u00e1 est\u00e3o; Findando a noite, manh\u00e3 romper\u00e1; Ent\u00e3o, os remidos entrar\u00e3o. &#8211; Coro &#8211; Sim, vou pelas terras, pelos mares tamb\u00e9m, Alerta, jesus me guiar\u00e1; ele prometeu a mim, Nunca deixar-me no mundo, por\u00e9m, Sim, levar-me ao porto, co?alegria sem fim. 2\u00aa Estrofe&#8230; <a href=\"https:\/\/umsocorpo.com.br\/harpa-crista\/navegando-pra-terra-celeste-hino-da-harpa-crista-no161\/\">ler mais &raquo;<\/a><\/p>\n","protected":false},"author":1,"featured_media":0,"comment_status":"open","ping_status":"open","sticky":false,"template":"","format":"standard","meta":{"footnotes":""},"categories":[3223],"tags":[3217,1505,3219],"class_list":["post-11205","post","type-post","status-publish","format-standard","hentry","category-101-a-200","tag-crista","tag-harpa","tag-harpa-crista"],"_links":{"self":[{"href":"https:\/\/umsocorpo.com.br\/harpa-crista\/wp-json\/wp\/v2\/posts\/11205","targetHints":{"allow":["GET"]}}],"collection":[{"href":"https:\/\/umsocorpo.com.br\/harpa-crista\/wp-json\/wp\/v2\/posts"}],"about":[{"href":"https:\/\/umsocorpo.com.br\/harpa-crista\/wp-json\/wp\/v2\/types\/post"}],"author":[{"embeddable":true,"href":"https:\/\/umsocorpo.com.br\/harpa-crista\/wp-json\/wp\/v2\/users\/1"}],"replies":[{"embeddable":true,"href":"https:\/\/umsocorpo.com.br\/harpa-crista\/wp-json\/wp\/v2\/comments?post=11205"}],"version-history":[{"count":0,"href":"https:\/\/umsocorpo.com.br\/harpa-crista\/wp-json\/wp\/v2\/posts\/11205\/revisions"}],"wp:attachment":[{"href":"https:\/\/umsocorpo.com.br\/harpa-crista\/wp-json\/wp\/v2\/media?parent=11205"}],"wp:term":[{"taxonomy":"category","embeddable":true,"href":"https:\/\/umsocorpo.com.br\/harpa-crista\/wp-json\/wp\/v2\/categories?post=11205"},{"taxonomy":"post_tag","embeddable":true,"href":"https:\/\/umsocorpo.com.br\/harpa-crista\/wp-json\/wp\/v2\/tags?post=11205"}],"curies":[{"name":"wp","href":"https:\/\/api.w.org\/{rel}","templated":true}]}}