{"id":11203,"date":"2025-03-20T00:02:42","date_gmt":"2015-05-15T00:26:11","guid":{"rendered":"https:\/\/umsocorpo.com.br\/admin\/o-estandarte-da-verdade-hino-da-harpa-crista-no162\/"},"modified":"2025-03-20T22:14:03","modified_gmt":"2025-03-21T01:14:03","slug":"o-estandarte-da-verdade-hino-da-harpa-crista-no162","status":"publish","type":"post","link":"https:\/\/umsocorpo.com.br\/harpa-crista\/o-estandarte-da-verdade-hino-da-harpa-crista-no162\/","title":{"rendered":"O Estandarte Da Verdade &#8211; Hino da Harpa Crist\u00e3 N\u00ba162"},"content":{"rendered":"\n<figure class=\"wp-block-audio\"><audio controls src=\"https:\/\/umsocorpo.com.br\/harpa-crista\/admin\/wp-content\/uploads\/2025\/03\/o-estandarte-da-verdade-hino-da-harpa-crista-no-162.mp3\"><\/audio><\/figure>\n\n\n\n<p><strong>1\u00aa Estrofe<\/strong><br>\nDa verdade, levantemos o estandarte,<br>\nArvoremos o estandarte de jesus.<br>\nProclamemos, com valor, por toda parte,<br>\nA mensagem solen\u00edssima da cruz.<\/p>\n\n\n\n<p><strong>&#8211; Coro &#8211;<\/strong><br>\nO mundo est\u00e1 sem luz, sem paz;<br>\nLevemos paz, consola\u00e7\u00e3o,<br>\nA quem, na dor, no luto faz,<br>\nSem luz, sem paz, sem salva\u00e7\u00e3o.<\/p>\n\n\n\n<p><strong>2\u00aa Estrofe<\/strong><br>\nDa verdade, levantemos o estandarte;<br>\nProclamaremos o senhor, que \u00e9 luz e paz;<br>\nPecador, ouve! jesus tem para dar-te<br>\nSalva\u00e7\u00e3o que nele s\u00f3, encontrar\u00e1s.<\/p>\n\n\n\n<p><strong>3\u00aa Estrofe<\/strong><br>\nDo evangelho, levantemos o estandarte,<br>\nVem, desperta do teu sono, pecador;<br>\nQue o teu deus, que o teu senhor tem para dar-te<br>\nCopiosas b\u00ean\u00e7\u00e3os do seu grande amor.<\/p>\n","protected":false},"excerpt":{"rendered":"<p>1\u00aa Estrofe Da verdade, levantemos o estandarte, Arvoremos o estandarte de jesus. Proclamemos, com valor, por toda parte, A mensagem solen\u00edssima da cruz. &#8211; Coro &#8211; O mundo est\u00e1 sem luz, sem paz; Levemos paz, consola\u00e7\u00e3o, A quem, na dor, no luto faz, Sem luz, sem paz, sem salva\u00e7\u00e3o. 2\u00aa Estrofe Da verdade, levantemos o&#8230; <a href=\"https:\/\/umsocorpo.com.br\/harpa-crista\/o-estandarte-da-verdade-hino-da-harpa-crista-no162\/\">ler mais &raquo;<\/a><\/p>\n","protected":false},"author":1,"featured_media":0,"comment_status":"open","ping_status":"open","sticky":false,"template":"","format":"standard","meta":{"footnotes":""},"categories":[3223],"tags":[3217,1505,3219],"class_list":["post-11203","post","type-post","status-publish","format-standard","hentry","category-101-a-200","tag-crista","tag-harpa","tag-harpa-crista"],"_links":{"self":[{"href":"https:\/\/umsocorpo.com.br\/harpa-crista\/wp-json\/wp\/v2\/posts\/11203","targetHints":{"allow":["GET"]}}],"collection":[{"href":"https:\/\/umsocorpo.com.br\/harpa-crista\/wp-json\/wp\/v2\/posts"}],"about":[{"href":"https:\/\/umsocorpo.com.br\/harpa-crista\/wp-json\/wp\/v2\/types\/post"}],"author":[{"embeddable":true,"href":"https:\/\/umsocorpo.com.br\/harpa-crista\/wp-json\/wp\/v2\/users\/1"}],"replies":[{"embeddable":true,"href":"https:\/\/umsocorpo.com.br\/harpa-crista\/wp-json\/wp\/v2\/comments?post=11203"}],"version-history":[{"count":0,"href":"https:\/\/umsocorpo.com.br\/harpa-crista\/wp-json\/wp\/v2\/posts\/11203\/revisions"}],"wp:attachment":[{"href":"https:\/\/umsocorpo.com.br\/harpa-crista\/wp-json\/wp\/v2\/media?parent=11203"}],"wp:term":[{"taxonomy":"category","embeddable":true,"href":"https:\/\/umsocorpo.com.br\/harpa-crista\/wp-json\/wp\/v2\/categories?post=11203"},{"taxonomy":"post_tag","embeddable":true,"href":"https:\/\/umsocorpo.com.br\/harpa-crista\/wp-json\/wp\/v2\/tags?post=11203"}],"curies":[{"name":"wp","href":"https:\/\/api.w.org\/{rel}","templated":true}]}}