{"id":11191,"date":"2025-03-20T00:02:48","date_gmt":"2015-05-15T00:26:11","guid":{"rendered":"https:\/\/umsocorpo.com.br\/admin\/meus-irmaos-nos-jubilemos-hino-da-harpa-crista-no168\/"},"modified":"2025-03-20T22:16:40","modified_gmt":"2025-03-21T01:16:40","slug":"meus-irmaos-nos-jubilemos-hino-da-harpa-crista-no168","status":"publish","type":"post","link":"https:\/\/umsocorpo.com.br\/harpa-crista\/meus-irmaos-nos-jubilemos-hino-da-harpa-crista-no168\/","title":{"rendered":"Meus Irm\u00e3os, Nos Jubilemos &#8211; Hino da Harpa Crist\u00e3 N\u00ba168"},"content":{"rendered":"\n<figure class=\"wp-block-audio\"><audio controls src=\"https:\/\/umsocorpo.com.br\/harpa-crista\/admin\/wp-content\/uploads\/2025\/03\/meus-irmaos-nos-jubilemos-hino-da-harpa-crista-no-168.mp3\"><\/audio><\/figure>\n\n\n\n<p><strong>1\u00aa Estrofe<\/strong><br>\nMeus irm\u00e3os, nos jubilemos<br>\nEm jesus, o rei da gl\u00f3ria,<br>\nNesta f\u00e9 que recebemos,<br>\nNesta paz, que d\u00e1 vit\u00f3ria,<br>\nNo consolador divino,<br>\nQue aviva a mem\u00f3ria,<br>\nE em n\u00f3s entoa hinos a jesus.<\/p>\n\n\n\n<p><strong>&#8211; Coro &#8211;<\/strong><br>\nMeus irm\u00e3os, nos jubilemos<br>\nEm jesus, por sua b\u00ean\u00e7\u00e3o;<br>\nPois, assim, n\u00f3s sempre temos<br>\nSalva\u00e7\u00e3o.<\/p>\n\n\n\n<p><strong>2\u00aa Estrofe<\/strong><br>\nMeus irm\u00e3os, n\u00f3s congregados,<br>\nEntoemos nosso canto<br>\nAo senhor, o nosso amado,<br>\nAo bom deus, perfeito e santo;<br>\nNo seu gozo jubilemos,<br>\nE secar-se-\u00e1 o pranto;<br>\nEm esp\u00edrito adoremos a jesus.<\/p>\n\n\n\n<p><strong>3\u00aa Estrofe<\/strong><br>\nMeus irm\u00e3os, em cristo somos<br>\nPelo esp\u00edrito gerados,<br>\nE pra sermos santos, fomos<br>\nPor jesus j\u00e1 resgatados;<br>\nPela f\u00e9, n\u00f3s desfrutamos<br>\nLiberdade do pecado,<br>\nE tamb\u00e9m, nos alegramos em jesus.<\/p>\n","protected":false},"excerpt":{"rendered":"<p>1\u00aa Estrofe Meus irm\u00e3os, nos jubilemos Em jesus, o rei da gl\u00f3ria, Nesta f\u00e9 que recebemos, Nesta paz, que d\u00e1 vit\u00f3ria, No consolador divino, Que aviva a mem\u00f3ria, E em n\u00f3s entoa hinos a jesus. &#8211; Coro &#8211; Meus irm\u00e3os, nos jubilemos Em jesus, por sua b\u00ean\u00e7\u00e3o; Pois, assim, n\u00f3s sempre temos Salva\u00e7\u00e3o. 2\u00aa Estrofe&#8230; <a href=\"https:\/\/umsocorpo.com.br\/harpa-crista\/meus-irmaos-nos-jubilemos-hino-da-harpa-crista-no168\/\">ler mais &raquo;<\/a><\/p>\n","protected":false},"author":1,"featured_media":0,"comment_status":"open","ping_status":"open","sticky":false,"template":"","format":"standard","meta":{"footnotes":""},"categories":[3223],"tags":[3217,1505,3219],"class_list":["post-11191","post","type-post","status-publish","format-standard","hentry","category-101-a-200","tag-crista","tag-harpa","tag-harpa-crista"],"_links":{"self":[{"href":"https:\/\/umsocorpo.com.br\/harpa-crista\/wp-json\/wp\/v2\/posts\/11191","targetHints":{"allow":["GET"]}}],"collection":[{"href":"https:\/\/umsocorpo.com.br\/harpa-crista\/wp-json\/wp\/v2\/posts"}],"about":[{"href":"https:\/\/umsocorpo.com.br\/harpa-crista\/wp-json\/wp\/v2\/types\/post"}],"author":[{"embeddable":true,"href":"https:\/\/umsocorpo.com.br\/harpa-crista\/wp-json\/wp\/v2\/users\/1"}],"replies":[{"embeddable":true,"href":"https:\/\/umsocorpo.com.br\/harpa-crista\/wp-json\/wp\/v2\/comments?post=11191"}],"version-history":[{"count":0,"href":"https:\/\/umsocorpo.com.br\/harpa-crista\/wp-json\/wp\/v2\/posts\/11191\/revisions"}],"wp:attachment":[{"href":"https:\/\/umsocorpo.com.br\/harpa-crista\/wp-json\/wp\/v2\/media?parent=11191"}],"wp:term":[{"taxonomy":"category","embeddable":true,"href":"https:\/\/umsocorpo.com.br\/harpa-crista\/wp-json\/wp\/v2\/categories?post=11191"},{"taxonomy":"post_tag","embeddable":true,"href":"https:\/\/umsocorpo.com.br\/harpa-crista\/wp-json\/wp\/v2\/tags?post=11191"}],"curies":[{"name":"wp","href":"https:\/\/api.w.org\/{rel}","templated":true}]}}