{"id":11173,"date":"2025-03-20T00:02:57","date_gmt":"2015-05-15T00:26:10","guid":{"rendered":"https:\/\/umsocorpo.com.br\/admin\/salvo-estou-hino-da-harpa-crista-no177\/"},"modified":"2025-03-20T22:22:12","modified_gmt":"2025-03-21T01:22:12","slug":"salvo-estou-hino-da-harpa-crista-no177","status":"publish","type":"post","link":"https:\/\/umsocorpo.com.br\/harpa-crista\/salvo-estou-hino-da-harpa-crista-no177\/","title":{"rendered":"Salvo Estou &#8211; Hino da Harpa Crist\u00e3 N\u00ba177"},"content":{"rendered":"\n<figure class=\"wp-block-audio\"><audio controls src=\"https:\/\/umsocorpo.com.br\/harpa-crista\/admin\/wp-content\/uploads\/2025\/03\/salvo-estou-hino-da-harpa-crista-no-177.mp3\"><\/audio><\/figure>\n\n\n\n<p><strong>1\u00aa Estrofe<\/strong><br>\nSalvo estou, jesus comprou-me<br>\nDo pecado e perdi\u00e7\u00e3o;<br>\nCom seu ?sp\u00edrito j\u00e1 selou-me<br>\nDeu-me paz no cora\u00e7\u00e3o.<\/p>\n\n\n\n<p><strong>&#8211; Coro &#8211;<\/strong><br>\nGl\u00f3ria, gl\u00f3ria, aleluia,<br>\nJ\u00e1 acheis salva\u00e7\u00e3o;<br>\nGl\u00f3ria, gl\u00f3ria, aleluia,<br>\nCristo deu-me reden\u00e7\u00e3o.<\/p>\n\n\n\n<p><strong>2\u00aa Estrofe<\/strong><br>\nCantarei com alegria,<br>\nJubiloso som do c\u00e9u.<br>\nLouvarei com harmonia<br>\nA jesus. o amado meu.<\/p>\n\n\n\n<p><strong>3\u00aa Estrofe<\/strong><br>\nA mensagem gloriosa<br>\nDuma eterna salva\u00e7\u00e3o,<br>\nForte, sim, e poderosa,<br>\nDigna \u00e9 de aceita\u00e7\u00e3o.<\/p>\n\n\n\n<p><strong>4\u00aa Estrofe<\/strong><br>\nAo chegar o fim da lida,<br>\nMe recebes, salvador;<br>\nMe concede eterna vida,<br>\nNo teu reino de amor.<\/p>\n","protected":false},"excerpt":{"rendered":"<p>1\u00aa Estrofe Salvo estou, jesus comprou-me Do pecado e perdi\u00e7\u00e3o; Com seu ?sp\u00edrito j\u00e1 selou-me Deu-me paz no cora\u00e7\u00e3o. &#8211; Coro &#8211; Gl\u00f3ria, gl\u00f3ria, aleluia, J\u00e1 acheis salva\u00e7\u00e3o; Gl\u00f3ria, gl\u00f3ria, aleluia, Cristo deu-me reden\u00e7\u00e3o. 2\u00aa Estrofe Cantarei com alegria, Jubiloso som do c\u00e9u. Louvarei com harmonia A jesus. o amado meu. 3\u00aa Estrofe A mensagem&#8230; <a href=\"https:\/\/umsocorpo.com.br\/harpa-crista\/salvo-estou-hino-da-harpa-crista-no177\/\">ler mais &raquo;<\/a><\/p>\n","protected":false},"author":1,"featured_media":0,"comment_status":"open","ping_status":"open","sticky":false,"template":"","format":"standard","meta":{"footnotes":""},"categories":[3223],"tags":[3217,1505,3219],"class_list":["post-11173","post","type-post","status-publish","format-standard","hentry","category-101-a-200","tag-crista","tag-harpa","tag-harpa-crista"],"_links":{"self":[{"href":"https:\/\/umsocorpo.com.br\/harpa-crista\/wp-json\/wp\/v2\/posts\/11173","targetHints":{"allow":["GET"]}}],"collection":[{"href":"https:\/\/umsocorpo.com.br\/harpa-crista\/wp-json\/wp\/v2\/posts"}],"about":[{"href":"https:\/\/umsocorpo.com.br\/harpa-crista\/wp-json\/wp\/v2\/types\/post"}],"author":[{"embeddable":true,"href":"https:\/\/umsocorpo.com.br\/harpa-crista\/wp-json\/wp\/v2\/users\/1"}],"replies":[{"embeddable":true,"href":"https:\/\/umsocorpo.com.br\/harpa-crista\/wp-json\/wp\/v2\/comments?post=11173"}],"version-history":[{"count":0,"href":"https:\/\/umsocorpo.com.br\/harpa-crista\/wp-json\/wp\/v2\/posts\/11173\/revisions"}],"wp:attachment":[{"href":"https:\/\/umsocorpo.com.br\/harpa-crista\/wp-json\/wp\/v2\/media?parent=11173"}],"wp:term":[{"taxonomy":"category","embeddable":true,"href":"https:\/\/umsocorpo.com.br\/harpa-crista\/wp-json\/wp\/v2\/categories?post=11173"},{"taxonomy":"post_tag","embeddable":true,"href":"https:\/\/umsocorpo.com.br\/harpa-crista\/wp-json\/wp\/v2\/tags?post=11173"}],"curies":[{"name":"wp","href":"https:\/\/api.w.org\/{rel}","templated":true}]}}