{"id":11169,"date":"2025-03-20T00:02:59","date_gmt":"2015-05-15T00:26:10","guid":{"rendered":"https:\/\/umsocorpo.com.br\/admin\/redentor-formoso-hino-da-harpa-crista-no179\/"},"modified":"2025-03-20T22:22:22","modified_gmt":"2025-03-21T01:22:22","slug":"redentor-formoso-hino-da-harpa-crista-no179","status":"publish","type":"post","link":"https:\/\/umsocorpo.com.br\/harpa-crista\/redentor-formoso-hino-da-harpa-crista-no179\/","title":{"rendered":"Redentor Formoso &#8211; Hino da Harpa Crist\u00e3 N\u00ba179"},"content":{"rendered":"\n<figure class=\"wp-block-audio\"><audio controls src=\"https:\/\/umsocorpo.com.br\/harpa-crista\/admin\/wp-content\/uploads\/2025\/03\/redentor-formoso-hino-da-harpa-crista-no-179.mp3\"><\/audio><\/figure>\n\n\n\n<p><strong>1\u00aa Estrofe<\/strong><br>\nRedentor formoso e belo,<br>\nQue habitas em alvor;<br>\nNa minh?alma eu anelo<br>\nDe ser como \u00e9s tu, senhor<\/p>\n\n\n\n<p><strong>&#8211; Coro &#8211;<\/strong><br>\nT\u00e9 que um dia v\u00e1, remido,<br>\nNo c\u00e9u eu ver o redentor!<br>\nDepois que eu tiver cumprido<br>\nO seu querer, por seu amor.<\/p>\n\n\n\n<p><strong>2\u00aa Estrofe<\/strong><br>\nOs meus olhos, \u00f3 retira,<br>\nDeste mundo de horror,<br>\nPois minh?alma em ti remira<br>\nTua gra\u00e7a e teu favor.<\/p>\n\n\n\n<p><strong>3\u00aa Estrofe<\/strong><br>\nJ\u00e1 a noite se avan\u00e7a;<br>\nBela estrela vai nascer,<br>\nTemos n\u00f3s a esperan\u00e7a<br>\nDum eterno e gran prazer.<\/p>\n\n\n\n<p><strong>4\u00aa Estrofe<\/strong><br>\nTua m\u00e3o, \u00f3 me sustente,<br>\nHumilhado aos teus p\u00e9s,<br>\nCom a alma e com a mente,<br>\nPela verdadeira f\u00e9.<\/p>\n","protected":false},"excerpt":{"rendered":"<p>1\u00aa Estrofe Redentor formoso e belo, Que habitas em alvor; Na minh?alma eu anelo De ser como \u00e9s tu, senhor &#8211; Coro &#8211; T\u00e9 que um dia v\u00e1, remido, No c\u00e9u eu ver o redentor! Depois que eu tiver cumprido O seu querer, por seu amor. 2\u00aa Estrofe Os meus olhos, \u00f3 retira, Deste mundo&#8230; <a href=\"https:\/\/umsocorpo.com.br\/harpa-crista\/redentor-formoso-hino-da-harpa-crista-no179\/\">ler mais &raquo;<\/a><\/p>\n","protected":false},"author":1,"featured_media":0,"comment_status":"open","ping_status":"open","sticky":false,"template":"","format":"standard","meta":{"footnotes":""},"categories":[3223],"tags":[3217,1505,3219],"class_list":["post-11169","post","type-post","status-publish","format-standard","hentry","category-101-a-200","tag-crista","tag-harpa","tag-harpa-crista"],"_links":{"self":[{"href":"https:\/\/umsocorpo.com.br\/harpa-crista\/wp-json\/wp\/v2\/posts\/11169","targetHints":{"allow":["GET"]}}],"collection":[{"href":"https:\/\/umsocorpo.com.br\/harpa-crista\/wp-json\/wp\/v2\/posts"}],"about":[{"href":"https:\/\/umsocorpo.com.br\/harpa-crista\/wp-json\/wp\/v2\/types\/post"}],"author":[{"embeddable":true,"href":"https:\/\/umsocorpo.com.br\/harpa-crista\/wp-json\/wp\/v2\/users\/1"}],"replies":[{"embeddable":true,"href":"https:\/\/umsocorpo.com.br\/harpa-crista\/wp-json\/wp\/v2\/comments?post=11169"}],"version-history":[{"count":0,"href":"https:\/\/umsocorpo.com.br\/harpa-crista\/wp-json\/wp\/v2\/posts\/11169\/revisions"}],"wp:attachment":[{"href":"https:\/\/umsocorpo.com.br\/harpa-crista\/wp-json\/wp\/v2\/media?parent=11169"}],"wp:term":[{"taxonomy":"category","embeddable":true,"href":"https:\/\/umsocorpo.com.br\/harpa-crista\/wp-json\/wp\/v2\/categories?post=11169"},{"taxonomy":"post_tag","embeddable":true,"href":"https:\/\/umsocorpo.com.br\/harpa-crista\/wp-json\/wp\/v2\/tags?post=11169"}],"curies":[{"name":"wp","href":"https:\/\/api.w.org\/{rel}","templated":true}]}}