{"id":11153,"date":"2025-03-20T00:03:07","date_gmt":"2015-05-15T00:26:09","guid":{"rendered":"https:\/\/umsocorpo.com.br\/admin\/mais-perto-meu-deus-de-ti-hino-da-harpa-crista-no187\/"},"modified":"2025-03-20T22:30:28","modified_gmt":"2025-03-21T01:30:28","slug":"mais-perto-meu-deus-de-ti-hino-da-harpa-crista-no187","status":"publish","type":"post","link":"https:\/\/umsocorpo.com.br\/harpa-crista\/mais-perto-meu-deus-de-ti-hino-da-harpa-crista-no187\/","title":{"rendered":"Mais Perto, Meu Deus, De Ti! &#8211; Hino da Harpa Crist\u00e3 N\u00ba187"},"content":{"rendered":"\n<figure class=\"wp-block-audio\"><audio controls src=\"https:\/\/umsocorpo.com.br\/harpa-crista\/admin\/wp-content\/uploads\/2025\/03\/mais-perto-meu-deus-de-ti-hino-da-harpa-crista-no-187.mp3\"><\/audio><\/figure>\n\n\n\n<p><strong>1\u00aa Estrofe<\/strong><br>\nMais perto quero estar<br>\nMeu deus, de ti!<br>\nInda que seja a dor<br>\nQue me una a ti,<br>\nSempre hei de suplicar<br>\nMais perto quero estar<br>\nMais perto quero estar<br>\nMeu deus, de ti!<\/p>\n\n\n\n<p><strong>2\u00aa Estrofe<\/strong><br>\nAndando triste, aqui<br>\nNa solid\u00e3o,<br>\nPaz e descanso a mim<br>\nTeus bra\u00e7os d\u00e3o;<br>\nNas trevas vou sonhar,<br>\nMaia perto quero estar,<br>\nMais perto quero estar,<br>\nMeu deus, de ti!<\/p>\n\n\n\n<p><strong>3\u00aa Estrofe<\/strong><br>\nMinh?alma cantar\u00e1<br>\nA ti, senhor!<br>\nE em betel al\u00e7ar\u00e1<br>\nPadr\u00e3o de amor,<br>\nEu sempre hei de rogar<br>\nMais perto quero estar,<br>\nMais perto quero estar,<br>\nMeu deus, de ti!<\/p>\n\n\n\n<p><strong>4\u00aa Estrofe<\/strong><br>\nE, quando cristo, enfim,<br>\nMe vier chamar,<br>\nNos c\u00e9us com serafins,<br>\nIrei morar.<br>\nEnt\u00e3o me alegrarei<br>\nPerto de ti, meu rei.<br>\nPerto de ti, meu rei,<br>\nMeus deus, de ti!<\/p>\n","protected":false},"excerpt":{"rendered":"<p>1\u00aa Estrofe Mais perto quero estar Meu deus, de ti! Inda que seja a dor Que me una a ti, Sempre hei de suplicar Mais perto quero estar Mais perto quero estar Meu deus, de ti! 2\u00aa Estrofe Andando triste, aqui Na solid\u00e3o, Paz e descanso a mim Teus bra\u00e7os d\u00e3o; Nas trevas vou sonhar,&#8230; <a href=\"https:\/\/umsocorpo.com.br\/harpa-crista\/mais-perto-meu-deus-de-ti-hino-da-harpa-crista-no187\/\">ler mais &raquo;<\/a><\/p>\n","protected":false},"author":1,"featured_media":0,"comment_status":"open","ping_status":"open","sticky":false,"template":"","format":"standard","meta":{"footnotes":""},"categories":[3223],"tags":[3217,1505,3219],"class_list":["post-11153","post","type-post","status-publish","format-standard","hentry","category-101-a-200","tag-crista","tag-harpa","tag-harpa-crista"],"_links":{"self":[{"href":"https:\/\/umsocorpo.com.br\/harpa-crista\/wp-json\/wp\/v2\/posts\/11153","targetHints":{"allow":["GET"]}}],"collection":[{"href":"https:\/\/umsocorpo.com.br\/harpa-crista\/wp-json\/wp\/v2\/posts"}],"about":[{"href":"https:\/\/umsocorpo.com.br\/harpa-crista\/wp-json\/wp\/v2\/types\/post"}],"author":[{"embeddable":true,"href":"https:\/\/umsocorpo.com.br\/harpa-crista\/wp-json\/wp\/v2\/users\/1"}],"replies":[{"embeddable":true,"href":"https:\/\/umsocorpo.com.br\/harpa-crista\/wp-json\/wp\/v2\/comments?post=11153"}],"version-history":[{"count":0,"href":"https:\/\/umsocorpo.com.br\/harpa-crista\/wp-json\/wp\/v2\/posts\/11153\/revisions"}],"wp:attachment":[{"href":"https:\/\/umsocorpo.com.br\/harpa-crista\/wp-json\/wp\/v2\/media?parent=11153"}],"wp:term":[{"taxonomy":"category","embeddable":true,"href":"https:\/\/umsocorpo.com.br\/harpa-crista\/wp-json\/wp\/v2\/categories?post=11153"},{"taxonomy":"post_tag","embeddable":true,"href":"https:\/\/umsocorpo.com.br\/harpa-crista\/wp-json\/wp\/v2\/tags?post=11153"}],"curies":[{"name":"wp","href":"https:\/\/api.w.org\/{rel}","templated":true}]}}