{"id":11133,"date":"2025-03-20T00:03:17","date_gmt":"2015-05-15T00:26:08","guid":{"rendered":"https:\/\/umsocorpo.com.br\/admin\/o-lar-da-gloria-hino-da-harpa-crista-no197\/"},"modified":"2025-03-20T22:31:21","modified_gmt":"2025-03-21T01:31:21","slug":"o-lar-da-gloria-hino-da-harpa-crista-no197","status":"publish","type":"post","link":"https:\/\/umsocorpo.com.br\/harpa-crista\/o-lar-da-gloria-hino-da-harpa-crista-no197\/","title":{"rendered":"O Lar Da Gl\u00f3ria &#8211; Hino da Harpa Crist\u00e3 N\u00ba197"},"content":{"rendered":"\n<figure class=\"wp-block-audio\"><audio controls src=\"https:\/\/umsocorpo.com.br\/harpa-crista\/admin\/wp-content\/uploads\/2025\/03\/o-lar-da-gloria-hino-da-harpa-crista-no-197.mp3\"><\/audio><\/figure>\n\n\n\n<p><strong>1\u00aa Estrofe<\/strong><br>\nNo c\u00e9u foi jesus preparar-nos lugar.<br>\nNa gl\u00f3ria.<br>\nE breve, mui breve ele h\u00e1 de voltar,<br>\nEm gl\u00f3ria.<\/p>\n\n\n\n<p><strong>&#8211; Coro &#8211;<\/strong><br>\nEu sei, eu sei, eu tenho um lar na gl\u00f3ria!<br>\nOh! eu sei, eu sei, um lar no c\u00e9u!<\/p>\n\n\n\n<p><strong>2\u00aa Estrofe<\/strong><br>\nLevanta os olhos e conta o que h\u00e1.<br>\nNa gl\u00f3ria.<br>\nDe pedras preciosas o lar brilha l\u00e1,<br>\nEm gl\u00f3ria.<\/p>\n\n\n\n<p><strong>3\u00aa Estrofe<\/strong><br>\nAinda n\u00e3o vi, mas os anjos est\u00e3o,<br>\nNa gl\u00f3ria.<br>\nE ruas cobertas de ouro ser\u00e3o,<br>\nNa gl\u00f3ria.<\/p>\n\n\n\n<p><strong>4\u00aa Estrofe<\/strong><br>\nUm dia, feliz para o c\u00e9u seguirei,<br>\nPra.gl\u00f3ria,<br>\nCom cristo a reinar, eu depois voltarei,<br>\nEm gl\u00f3ria.<\/p>\n\n\n\n<p><strong>5\u00aa Estrofe<\/strong><br>\nAmigos espero no c\u00e9u encontrar,<br>\nNa gl\u00f3ria.<br>\nE juntos havemos de sempre ficar,<br>\nNa gl\u00f3ria.<\/p>\n","protected":false},"excerpt":{"rendered":"<p>1\u00aa Estrofe No c\u00e9u foi jesus preparar-nos lugar. Na gl\u00f3ria. E breve, mui breve ele h\u00e1 de voltar, Em gl\u00f3ria. &#8211; Coro &#8211; Eu sei, eu sei, eu tenho um lar na gl\u00f3ria! Oh! eu sei, eu sei, um lar no c\u00e9u! 2\u00aa Estrofe Levanta os olhos e conta o que h\u00e1. Na gl\u00f3ria. De&#8230; <a href=\"https:\/\/umsocorpo.com.br\/harpa-crista\/o-lar-da-gloria-hino-da-harpa-crista-no197\/\">ler mais &raquo;<\/a><\/p>\n","protected":false},"author":1,"featured_media":0,"comment_status":"open","ping_status":"open","sticky":false,"template":"","format":"standard","meta":{"footnotes":""},"categories":[3223],"tags":[3217,1505,3219],"class_list":["post-11133","post","type-post","status-publish","format-standard","hentry","category-101-a-200","tag-crista","tag-harpa","tag-harpa-crista"],"_links":{"self":[{"href":"https:\/\/umsocorpo.com.br\/harpa-crista\/wp-json\/wp\/v2\/posts\/11133","targetHints":{"allow":["GET"]}}],"collection":[{"href":"https:\/\/umsocorpo.com.br\/harpa-crista\/wp-json\/wp\/v2\/posts"}],"about":[{"href":"https:\/\/umsocorpo.com.br\/harpa-crista\/wp-json\/wp\/v2\/types\/post"}],"author":[{"embeddable":true,"href":"https:\/\/umsocorpo.com.br\/harpa-crista\/wp-json\/wp\/v2\/users\/1"}],"replies":[{"embeddable":true,"href":"https:\/\/umsocorpo.com.br\/harpa-crista\/wp-json\/wp\/v2\/comments?post=11133"}],"version-history":[{"count":0,"href":"https:\/\/umsocorpo.com.br\/harpa-crista\/wp-json\/wp\/v2\/posts\/11133\/revisions"}],"wp:attachment":[{"href":"https:\/\/umsocorpo.com.br\/harpa-crista\/wp-json\/wp\/v2\/media?parent=11133"}],"wp:term":[{"taxonomy":"category","embeddable":true,"href":"https:\/\/umsocorpo.com.br\/harpa-crista\/wp-json\/wp\/v2\/categories?post=11133"},{"taxonomy":"post_tag","embeddable":true,"href":"https:\/\/umsocorpo.com.br\/harpa-crista\/wp-json\/wp\/v2\/tags?post=11133"}],"curies":[{"name":"wp","href":"https:\/\/api.w.org\/{rel}","templated":true}]}}