{"id":11119,"date":"2025-03-20T00:03:24","date_gmt":"2015-05-15T00:26:07","guid":{"rendered":"https:\/\/umsocorpo.com.br\/admin\/o-peregrino-na-terra-hino-da-harpa-crista-no204\/"},"modified":"2025-03-20T22:43:13","modified_gmt":"2025-03-21T01:43:13","slug":"o-peregrino-na-terra-hino-da-harpa-crista-no204","status":"publish","type":"post","link":"https:\/\/umsocorpo.com.br\/harpa-crista\/o-peregrino-na-terra-hino-da-harpa-crista-no204\/","title":{"rendered":"O Peregrino Na Terra &#8211; Hino da Harpa Crist\u00e3 N\u00ba204"},"content":{"rendered":"\n<figure class=\"wp-block-audio\"><audio controls src=\"https:\/\/umsocorpo.com.br\/harpa-crista\/admin\/wp-content\/uploads\/2025\/03\/o-peregrino-na-terra-hino-da-harpa-crista-no-204.mp3\"><\/audio><\/figure>\n\n\n\n<p><strong>1\u00aa Estrofe<\/strong><br>\nSou peregrino na terra<br>\nE longe estou do meu lar,<br>\nMlnh?alma anelante espera<br>\nQue cristo a venha buscar;<br>\nAqui s\u00f3 h\u00e1 descren\u00e7a,<br>\nAs lutas n\u00e3o t\u00eam fim,<br>\nMas de jesus, a presen\u00e7a,<br>\nGl\u00f3ria ser\u00e1 para mim!<\/p>\n\n\n\n<p><strong>&#8211; Coro &#8211;<\/strong><br>\nNo c\u00e9u de luz vou descansar,<br>\nCom meu jesus hei de morar.<\/p>\n\n\n\n<p><strong>2\u00aa Estrofe<\/strong><br>\nEm cristo tendo j\u00e1 crido,<br>\nS\u00f3 pela f\u00e9 viverei,<br>\nPois deus me tem prometido,<br>\nQue no c\u00e9u descansarei!<br>\nEu tenho permanente<br>\nO bom consolador,<br>\nGuiando-me brandamente<br>\n\u00c0 fonte viva de amor.<\/p>\n\n\n\n<p><strong>3\u00aa Estrofe<\/strong><br>\nEmbora \u00e0s vezes o crente<br>\nAs dores sofra da cruz,<br>\nGozo ter\u00e1 permanente,<br>\nQuando no c\u00e9u vir jesus<br>\nDe gl\u00f3ria coroado<br>\nNo trono divina!,<br>\nPor anjos sempre louvado,<br>\nNum coro celestial.<\/p>\n","protected":false},"excerpt":{"rendered":"<p>1\u00aa Estrofe Sou peregrino na terra E longe estou do meu lar, Mlnh?alma anelante espera Que cristo a venha buscar; Aqui s\u00f3 h\u00e1 descren\u00e7a, As lutas n\u00e3o t\u00eam fim, Mas de jesus, a presen\u00e7a, Gl\u00f3ria ser\u00e1 para mim! &#8211; Coro &#8211; No c\u00e9u de luz vou descansar, Com meu jesus hei de morar. 2\u00aa Estrofe&#8230; <a href=\"https:\/\/umsocorpo.com.br\/harpa-crista\/o-peregrino-na-terra-hino-da-harpa-crista-no204\/\">ler mais &raquo;<\/a><\/p>\n","protected":false},"author":1,"featured_media":0,"comment_status":"open","ping_status":"open","sticky":false,"template":"","format":"standard","meta":{"footnotes":""},"categories":[3224],"tags":[3217,1505,3219],"class_list":["post-11119","post","type-post","status-publish","format-standard","hentry","category-201-a-300","tag-crista","tag-harpa","tag-harpa-crista"],"_links":{"self":[{"href":"https:\/\/umsocorpo.com.br\/harpa-crista\/wp-json\/wp\/v2\/posts\/11119","targetHints":{"allow":["GET"]}}],"collection":[{"href":"https:\/\/umsocorpo.com.br\/harpa-crista\/wp-json\/wp\/v2\/posts"}],"about":[{"href":"https:\/\/umsocorpo.com.br\/harpa-crista\/wp-json\/wp\/v2\/types\/post"}],"author":[{"embeddable":true,"href":"https:\/\/umsocorpo.com.br\/harpa-crista\/wp-json\/wp\/v2\/users\/1"}],"replies":[{"embeddable":true,"href":"https:\/\/umsocorpo.com.br\/harpa-crista\/wp-json\/wp\/v2\/comments?post=11119"}],"version-history":[{"count":0,"href":"https:\/\/umsocorpo.com.br\/harpa-crista\/wp-json\/wp\/v2\/posts\/11119\/revisions"}],"wp:attachment":[{"href":"https:\/\/umsocorpo.com.br\/harpa-crista\/wp-json\/wp\/v2\/media?parent=11119"}],"wp:term":[{"taxonomy":"category","embeddable":true,"href":"https:\/\/umsocorpo.com.br\/harpa-crista\/wp-json\/wp\/v2\/categories?post=11119"},{"taxonomy":"post_tag","embeddable":true,"href":"https:\/\/umsocorpo.com.br\/harpa-crista\/wp-json\/wp\/v2\/tags?post=11119"}],"curies":[{"name":"wp","href":"https:\/\/api.w.org\/{rel}","templated":true}]}}