{"id":11115,"date":"2025-03-20T00:03:26","date_gmt":"2015-05-15T00:26:07","guid":{"rendered":"https:\/\/umsocorpo.com.br\/admin\/o-clarim-nos-alerta-hino-da-harpa-crista-no206\/"},"modified":"2025-03-20T22:43:20","modified_gmt":"2025-03-21T01:43:20","slug":"o-clarim-nos-alerta-hino-da-harpa-crista-no206","status":"publish","type":"post","link":"https:\/\/umsocorpo.com.br\/harpa-crista\/o-clarim-nos-alerta-hino-da-harpa-crista-no206\/","title":{"rendered":"O Clarim Nos Alerta &#8211; Hino da Harpa Crist\u00e3 N\u00ba206"},"content":{"rendered":"\n<figure class=\"wp-block-audio\"><audio controls src=\"https:\/\/umsocorpo.com.br\/harpa-crista\/admin\/wp-content\/uploads\/2025\/03\/o-clarim-nos-alerta-hino-da-harpa-crista-no-206.mp3\"><\/audio><\/figure>\n\n\n\n<p><strong>1\u00aa Estrofe<\/strong><br>\nO clarim j\u00e1 nos alerta,<br>\nNosso cora\u00e7\u00e3o desperta,<br>\nPois a vinda \u00e9 bem certa de jesus;<br>\nDe mil anjos rodeado,<br>\nPara o crente preparado,<br>\nCristo volta coroado. aleluia!<\/p>\n\n\n\n<p><strong>&#8211; Coro &#8211;<\/strong><br>\n\u00d3 irm\u00e3o por deus liberto,<br>\nPelo sangue est\u00e1s coberto;<br>\nTens o teu perd\u00e3o bem certo, salvo est\u00e1s;<br>\nVoz de j\u00fabilo ouviremos<br>\nE no c\u00e9u n\u00f3s cantaremos,<br>\nCristo breve n\u00f3s veremos. aleluia!<\/p>\n\n\n\n<p><strong>2\u00aa Estrofe<\/strong><br>\nL\u00e1 nas bodas do cordeiro,<br>\nSentaremos prazenteiros;<br>\nOh! que gozo verdadeiro com jesus!<br>\nPois no c\u00e9u n\u00e3o h\u00e1 mais pranto,<br>\nEis que tudo ser\u00e1 canto;<br>\nCristo vem buscar os santos.aleluia!<\/p>\n\n\n\n<p><strong>3\u00aa Estrofe<\/strong><br>\nSim \u00e0 mesa sentaremos,<br>\nE com cristo cearemos;<br>\nQu\u00e3o felizes n\u00f3s seremos com jesus!<br>\nPara sempre gozaremos,<br>\nE com cristo reinaremos,<br>\nSua gl\u00f3ria fruiremos. aleluia!<\/p>\n","protected":false},"excerpt":{"rendered":"<p>1\u00aa Estrofe O clarim j\u00e1 nos alerta, Nosso cora\u00e7\u00e3o desperta, Pois a vinda \u00e9 bem certa de jesus; De mil anjos rodeado, Para o crente preparado, Cristo volta coroado. aleluia! &#8211; Coro &#8211; \u00d3 irm\u00e3o por deus liberto, Pelo sangue est\u00e1s coberto; Tens o teu perd\u00e3o bem certo, salvo est\u00e1s; Voz de j\u00fabilo ouviremos E&#8230; <a href=\"https:\/\/umsocorpo.com.br\/harpa-crista\/o-clarim-nos-alerta-hino-da-harpa-crista-no206\/\">ler mais &raquo;<\/a><\/p>\n","protected":false},"author":1,"featured_media":0,"comment_status":"open","ping_status":"open","sticky":false,"template":"","format":"standard","meta":{"footnotes":""},"categories":[3224],"tags":[3217,1505,3219],"class_list":["post-11115","post","type-post","status-publish","format-standard","hentry","category-201-a-300","tag-crista","tag-harpa","tag-harpa-crista"],"_links":{"self":[{"href":"https:\/\/umsocorpo.com.br\/harpa-crista\/wp-json\/wp\/v2\/posts\/11115","targetHints":{"allow":["GET"]}}],"collection":[{"href":"https:\/\/umsocorpo.com.br\/harpa-crista\/wp-json\/wp\/v2\/posts"}],"about":[{"href":"https:\/\/umsocorpo.com.br\/harpa-crista\/wp-json\/wp\/v2\/types\/post"}],"author":[{"embeddable":true,"href":"https:\/\/umsocorpo.com.br\/harpa-crista\/wp-json\/wp\/v2\/users\/1"}],"replies":[{"embeddable":true,"href":"https:\/\/umsocorpo.com.br\/harpa-crista\/wp-json\/wp\/v2\/comments?post=11115"}],"version-history":[{"count":0,"href":"https:\/\/umsocorpo.com.br\/harpa-crista\/wp-json\/wp\/v2\/posts\/11115\/revisions"}],"wp:attachment":[{"href":"https:\/\/umsocorpo.com.br\/harpa-crista\/wp-json\/wp\/v2\/media?parent=11115"}],"wp:term":[{"taxonomy":"category","embeddable":true,"href":"https:\/\/umsocorpo.com.br\/harpa-crista\/wp-json\/wp\/v2\/categories?post=11115"},{"taxonomy":"post_tag","embeddable":true,"href":"https:\/\/umsocorpo.com.br\/harpa-crista\/wp-json\/wp\/v2\/tags?post=11115"}],"curies":[{"name":"wp","href":"https:\/\/api.w.org\/{rel}","templated":true}]}}