{"id":11105,"date":"2025-03-20T00:03:31","date_gmt":"2015-05-15T00:26:07","guid":{"rendered":"https:\/\/umsocorpo.com.br\/admin\/vem-a-deus-hino-da-harpa-crista-no211\/"},"modified":"2025-03-20T22:43:42","modified_gmt":"2025-03-21T01:43:42","slug":"vem-a-deus-hino-da-harpa-crista-no211","status":"publish","type":"post","link":"https:\/\/umsocorpo.com.br\/harpa-crista\/vem-a-deus-hino-da-harpa-crista-no211\/","title":{"rendered":"Vem A Deus &#8211; Hino da Harpa Crist\u00e3 N\u00ba211"},"content":{"rendered":"\n<figure class=\"wp-block-audio\"><audio controls src=\"https:\/\/umsocorpo.com.br\/harpa-crista\/admin\/wp-content\/uploads\/2025\/03\/vem-a-deus-hino-da-harpa-crista-no-211.mp3\"><\/audio><\/figure>\n\n\n\n<p><strong>1\u00aa Estrofe<\/strong><br>\nVem, enquanto deus te chama<br>\nE tu sentes seu amor,<br>\nPois do c\u00e9u poder derrama<br>\nPra salvar o pecador!<\/p>\n\n\n\n<p><strong>&#8211; Coro &#8211;<\/strong><br>\nVem a deus, a jesus, entregar teu cora\u00e7\u00e3o;<br>\nE ter\u00e1s sua luz? a perfeita salva\u00e7\u00e3o!<\/p>\n\n\n\n<p><strong>2\u00aa Estrofe<\/strong><br>\nSe da vida tens o fardo<br>\nE tu?alma triste est\u00e1,<br>\nCr\u00ea em deus, n\u00e3o sejas tardo,<br>\nQue jesus te salvar\u00e1!<\/p>\n\n\n\n<p><strong>3\u00aa Estrofe<\/strong><br>\nNeste mundo vais andando,<br>\nSem tranq\u00fcilidade e paz;<br>\n&#8211; volta a deus, mas confiando,<br>\nE feliz ent\u00e3o ser\u00e1s.<\/p>\n\n\n\n<p><strong>4\u00aa Estrofe<\/strong><br>\nVem a cristo, que te espera,<br>\nN\u00e3o demores, pecador!<br>\nNos seus bra\u00e7os deus quisera<br>\nReceber-te com amor!<\/p>\n","protected":false},"excerpt":{"rendered":"<p>1\u00aa Estrofe Vem, enquanto deus te chama E tu sentes seu amor, Pois do c\u00e9u poder derrama Pra salvar o pecador! &#8211; Coro &#8211; Vem a deus, a jesus, entregar teu cora\u00e7\u00e3o; E ter\u00e1s sua luz? a perfeita salva\u00e7\u00e3o! 2\u00aa Estrofe Se da vida tens o fardo E tu?alma triste est\u00e1, Cr\u00ea em deus, n\u00e3o&#8230; <a href=\"https:\/\/umsocorpo.com.br\/harpa-crista\/vem-a-deus-hino-da-harpa-crista-no211\/\">ler mais &raquo;<\/a><\/p>\n","protected":false},"author":1,"featured_media":0,"comment_status":"open","ping_status":"open","sticky":false,"template":"","format":"standard","meta":{"footnotes":""},"categories":[3224],"tags":[3217,1505,3219],"class_list":["post-11105","post","type-post","status-publish","format-standard","hentry","category-201-a-300","tag-crista","tag-harpa","tag-harpa-crista"],"_links":{"self":[{"href":"https:\/\/umsocorpo.com.br\/harpa-crista\/wp-json\/wp\/v2\/posts\/11105","targetHints":{"allow":["GET"]}}],"collection":[{"href":"https:\/\/umsocorpo.com.br\/harpa-crista\/wp-json\/wp\/v2\/posts"}],"about":[{"href":"https:\/\/umsocorpo.com.br\/harpa-crista\/wp-json\/wp\/v2\/types\/post"}],"author":[{"embeddable":true,"href":"https:\/\/umsocorpo.com.br\/harpa-crista\/wp-json\/wp\/v2\/users\/1"}],"replies":[{"embeddable":true,"href":"https:\/\/umsocorpo.com.br\/harpa-crista\/wp-json\/wp\/v2\/comments?post=11105"}],"version-history":[{"count":0,"href":"https:\/\/umsocorpo.com.br\/harpa-crista\/wp-json\/wp\/v2\/posts\/11105\/revisions"}],"wp:attachment":[{"href":"https:\/\/umsocorpo.com.br\/harpa-crista\/wp-json\/wp\/v2\/media?parent=11105"}],"wp:term":[{"taxonomy":"category","embeddable":true,"href":"https:\/\/umsocorpo.com.br\/harpa-crista\/wp-json\/wp\/v2\/categories?post=11105"},{"taxonomy":"post_tag","embeddable":true,"href":"https:\/\/umsocorpo.com.br\/harpa-crista\/wp-json\/wp\/v2\/tags?post=11105"}],"curies":[{"name":"wp","href":"https:\/\/api.w.org\/{rel}","templated":true}]}}