{"id":11103,"date":"2025-03-20T00:03:32","date_gmt":"2015-05-15T00:26:06","guid":{"rendered":"https:\/\/umsocorpo.com.br\/admin\/os-guerreiros-se-preparam-hino-da-harpa-crista-no212\/"},"modified":"2025-03-20T22:43:42","modified_gmt":"2025-03-21T01:43:42","slug":"os-guerreiros-se-preparam-hino-da-harpa-crista-no212","status":"publish","type":"post","link":"https:\/\/umsocorpo.com.br\/harpa-crista\/os-guerreiros-se-preparam-hino-da-harpa-crista-no212\/","title":{"rendered":"Os Guerreiros Se Preparam &#8211; Hino da Harpa Crist\u00e3 N\u00ba212"},"content":{"rendered":"\n<figure class=\"wp-block-audio\"><audio controls src=\"https:\/\/umsocorpo.com.br\/harpa-crista\/admin\/wp-content\/uploads\/2025\/03\/os-guerreiros-se-preparam-hino-da-harpa-crista-no-212.mp3\"><\/audio><\/figure>\n\n\n\n<p><strong>1\u00aa Estrofe<\/strong><br>\nOs guerreiros se preparam para a grande luta<br>\nE jesus, o capit\u00e3o, que avante os levar\u00e1.<br>\nA m\u00edlicia dos remidos marcha impoluta;<br>\nCerta que vit\u00f3ria alcan\u00e7ar\u00e1!<\/p>\n\n\n\n<p><strong>&#8211; Coro &#8211;<\/strong><br>\nEu quero estar com cristo,<br>\nOnde a luta se travar,<br>\nNo lance imprevisto<br>\nNa frente m?encontrar.<br>\nAt\u00e9 que o possa ver na gi6rla,<br>\nSe alegrando da vit\u00f3ria,<br>\nOnde deus vai me coroar!<\/p>\n\n\n\n<p><strong>2\u00aa Estrofe<\/strong><br>\nEis os batalh\u00f5es de cristo prosseguindo avante,<br>\nN\u00e3o os v\u00eas com que valor combatem contra o mal?<br>\nPodes tu ficar dormindo, mesmo vacilante,<br>\nQuando atacam outros a belial?<\/p>\n\n\n\n<p><strong>3\u00aa Estrofe<\/strong><br>\nD\u00e1-te pressa, n\u00e3o vaciles, hoje deus te chama<br>\nPara vires pelejar ao lado do senhor;<br>\nEntra na batalha onde mais o fogo inflama,<br>\nE peleja contra o vil tentador!<\/p>\n\n\n\n<p><strong>4\u00aa Estrofe<\/strong><br>\nA peleja \u00e9 tremenda, torna-se renhida,<br>\nMas s\u00e3o poucos os soldados para batalhar;<br>\n\u00d3 vem libertar as pobres almas oprimidas<br>\nDe quem furioso, as quer tragar!<\/p>\n","protected":false},"excerpt":{"rendered":"<p>1\u00aa Estrofe Os guerreiros se preparam para a grande luta E jesus, o capit\u00e3o, que avante os levar\u00e1. A m\u00edlicia dos remidos marcha impoluta; Certa que vit\u00f3ria alcan\u00e7ar\u00e1! &#8211; Coro &#8211; Eu quero estar com cristo, Onde a luta se travar, No lance imprevisto Na frente m?encontrar. At\u00e9 que o possa ver na gi6rla, Se&#8230; <a href=\"https:\/\/umsocorpo.com.br\/harpa-crista\/os-guerreiros-se-preparam-hino-da-harpa-crista-no212\/\">ler mais &raquo;<\/a><\/p>\n","protected":false},"author":1,"featured_media":0,"comment_status":"open","ping_status":"open","sticky":false,"template":"","format":"standard","meta":{"footnotes":""},"categories":[3224],"tags":[3217,1505,3219],"class_list":["post-11103","post","type-post","status-publish","format-standard","hentry","category-201-a-300","tag-crista","tag-harpa","tag-harpa-crista"],"_links":{"self":[{"href":"https:\/\/umsocorpo.com.br\/harpa-crista\/wp-json\/wp\/v2\/posts\/11103","targetHints":{"allow":["GET"]}}],"collection":[{"href":"https:\/\/umsocorpo.com.br\/harpa-crista\/wp-json\/wp\/v2\/posts"}],"about":[{"href":"https:\/\/umsocorpo.com.br\/harpa-crista\/wp-json\/wp\/v2\/types\/post"}],"author":[{"embeddable":true,"href":"https:\/\/umsocorpo.com.br\/harpa-crista\/wp-json\/wp\/v2\/users\/1"}],"replies":[{"embeddable":true,"href":"https:\/\/umsocorpo.com.br\/harpa-crista\/wp-json\/wp\/v2\/comments?post=11103"}],"version-history":[{"count":0,"href":"https:\/\/umsocorpo.com.br\/harpa-crista\/wp-json\/wp\/v2\/posts\/11103\/revisions"}],"wp:attachment":[{"href":"https:\/\/umsocorpo.com.br\/harpa-crista\/wp-json\/wp\/v2\/media?parent=11103"}],"wp:term":[{"taxonomy":"category","embeddable":true,"href":"https:\/\/umsocorpo.com.br\/harpa-crista\/wp-json\/wp\/v2\/categories?post=11103"},{"taxonomy":"post_tag","embeddable":true,"href":"https:\/\/umsocorpo.com.br\/harpa-crista\/wp-json\/wp\/v2\/tags?post=11103"}],"curies":[{"name":"wp","href":"https:\/\/api.w.org\/{rel}","templated":true}]}}