{"id":11091,"date":"2025-03-20T00:03:38","date_gmt":"2015-05-15T00:26:06","guid":{"rendered":"https:\/\/umsocorpo.com.br\/admin\/da-teu-fardo-a-jesus-hino-da-harpa-crista-no218\/"},"modified":"2025-03-20T22:44:04","modified_gmt":"2025-03-21T01:44:04","slug":"da-teu-fardo-a-jesus-hino-da-harpa-crista-no218","status":"publish","type":"post","link":"https:\/\/umsocorpo.com.br\/harpa-crista\/da-teu-fardo-a-jesus-hino-da-harpa-crista-no218\/","title":{"rendered":"D\u00e1 Teu Fardo A Jesus &#8211; Hino da Harpa Crist\u00e3 N\u00ba218"},"content":{"rendered":"\n<figure class=\"wp-block-audio\"><audio controls src=\"https:\/\/umsocorpo.com.br\/harpa-crista\/admin\/wp-content\/uploads\/2025\/03\/da-teu-fardo-a-jesus-hino-da-harpa-crista-no-218.mp3\"><\/audio><\/figure>\n\n\n\n<p><strong>1\u00aa Estrofe<\/strong><br>\nS\u00f3 em jesus, queres tu descansar?<br>\nD\u00e1 teu fardo a jesus.<br>\nPaz e socorro n\u00e3o podes achar?<br>\nD\u00e1 teu fardo a jesus.<\/p>\n\n\n\n<p><strong>&#8211; Coro &#8211;<\/strong><br>\nD\u00e1 teu fardo a jesus,<br>\nAs trevas far\u00e1 em luz.<br>\nEm cristo um abrigo, ter\u00e1s no perigo,<br>\n\u00d3, d\u00e1 teu fardo a jesus.<\/p>\n\n\n\n<p><strong>2\u00aa Estrofe<\/strong><br>\nPaz redentora tu?alma ter\u00e1,<br>\nD\u00e1 teu fardo a jesus.<br>\nE de inquietudes te libertar\u00e1.<br>\nD\u00e1 teu fardo a jesus.<\/p>\n\n\n\n<p><strong>3\u00aa Estrofe<\/strong><br>\nDas grandes lutas n\u00e3o queiras fugir,<br>\nD\u00e1 teu fardo a jesus.<br>\nSe santo gozo n\u00e3o podes fruir,<br>\nD\u00e1 teu fardo a jesus.<\/p>\n\n\n\n<p><strong>4\u00aa Estrofe<\/strong><br>\nMales te assaltam aos mil, pecador?<br>\nD\u00e1 teu fardo a jesus.<br>\nVais j\u00e1 cansado de penas e de dor?<br>\nD\u00e1 teu fardo a jesus.<\/p>\n\n\n\n<p><strong>5\u00aa Estrofe<\/strong><br>\nCristo vir\u00e1 dissipar teu temor,<br>\nD\u00e1 teu fardo a jesus.<br>\nPois, aos seus santos, d\u00e1 sempre vigor,<br>\nD\u00e1 teu fardo a jesus.<\/p>\n","protected":false},"excerpt":{"rendered":"<p>1\u00aa Estrofe S\u00f3 em jesus, queres tu descansar? D\u00e1 teu fardo a jesus. Paz e socorro n\u00e3o podes achar? D\u00e1 teu fardo a jesus. &#8211; Coro &#8211; D\u00e1 teu fardo a jesus, As trevas far\u00e1 em luz. Em cristo um abrigo, ter\u00e1s no perigo, \u00d3, d\u00e1 teu fardo a jesus. 2\u00aa Estrofe Paz redentora tu?alma&#8230; <a href=\"https:\/\/umsocorpo.com.br\/harpa-crista\/da-teu-fardo-a-jesus-hino-da-harpa-crista-no218\/\">ler mais &raquo;<\/a><\/p>\n","protected":false},"author":1,"featured_media":0,"comment_status":"open","ping_status":"open","sticky":false,"template":"","format":"standard","meta":{"footnotes":""},"categories":[3224],"tags":[3217,1505,3219],"class_list":["post-11091","post","type-post","status-publish","format-standard","hentry","category-201-a-300","tag-crista","tag-harpa","tag-harpa-crista"],"_links":{"self":[{"href":"https:\/\/umsocorpo.com.br\/harpa-crista\/wp-json\/wp\/v2\/posts\/11091","targetHints":{"allow":["GET"]}}],"collection":[{"href":"https:\/\/umsocorpo.com.br\/harpa-crista\/wp-json\/wp\/v2\/posts"}],"about":[{"href":"https:\/\/umsocorpo.com.br\/harpa-crista\/wp-json\/wp\/v2\/types\/post"}],"author":[{"embeddable":true,"href":"https:\/\/umsocorpo.com.br\/harpa-crista\/wp-json\/wp\/v2\/users\/1"}],"replies":[{"embeddable":true,"href":"https:\/\/umsocorpo.com.br\/harpa-crista\/wp-json\/wp\/v2\/comments?post=11091"}],"version-history":[{"count":0,"href":"https:\/\/umsocorpo.com.br\/harpa-crista\/wp-json\/wp\/v2\/posts\/11091\/revisions"}],"wp:attachment":[{"href":"https:\/\/umsocorpo.com.br\/harpa-crista\/wp-json\/wp\/v2\/media?parent=11091"}],"wp:term":[{"taxonomy":"category","embeddable":true,"href":"https:\/\/umsocorpo.com.br\/harpa-crista\/wp-json\/wp\/v2\/categories?post=11091"},{"taxonomy":"post_tag","embeddable":true,"href":"https:\/\/umsocorpo.com.br\/harpa-crista\/wp-json\/wp\/v2\/tags?post=11091"}],"curies":[{"name":"wp","href":"https:\/\/api.w.org\/{rel}","templated":true}]}}