{"id":11079,"date":"2025-03-20T00:03:44","date_gmt":"2015-05-15T00:26:05","guid":{"rendered":"https:\/\/umsocorpo.com.br\/admin\/e-o-tempo-de-segar-hino-da-harpa-crista-no224\/"},"modified":"2025-03-20T22:51:35","modified_gmt":"2025-03-21T01:51:35","slug":"e-o-tempo-de-segar-hino-da-harpa-crista-no224","status":"publish","type":"post","link":"https:\/\/umsocorpo.com.br\/harpa-crista\/e-o-tempo-de-segar-hino-da-harpa-crista-no224\/","title":{"rendered":"\u00c9 O Tempo De Segar &#8211; Hino da Harpa Crist\u00e3 N\u00ba224"},"content":{"rendered":"\n<figure class=\"wp-block-audio\"><audio controls src=\"https:\/\/umsocorpo.com.br\/harpa-crista\/admin\/wp-content\/uploads\/2025\/03\/e-o-tempo-de-segar-hino-da-harpa-crista-no-224.mp3\"><\/audio><\/figure>\n\n\n\n<p><strong>1\u00aa Estrofe<\/strong><br>\n\u00c9 o tempo de segar e tu sem vacilar,<br>\nDeclaraste sem temor: ?n\u00e3o posso trabalhar??<br>\nVem, enquanto cristo, o mestre, est\u00e1 a te chamar:<br>\n?jovem, jovem, \u00f3 vem trabalhar!?<\/p>\n\n\n\n<p><strong>&#8211; Coro &#8211;<\/strong><br>\nVem e v\u00ea os campos brancos j\u00e1 est\u00e3o<br>\nAguardando bravos que os segar\u00e3o;<br>\nJovem, desperta, faz-te pronto e alerta!<br>\nQueiras logo responder: ?eis-me aqui, senhor?<br>\nOlha que a seara bem madura est\u00e1;<br>\nQue colheita gloriosa n\u00e3o ser\u00e1!<br>\nJovem, desperta. faz-te pronto e alerta!<br>\nPoucos dias s\u00e3o que restam para o segador!<\/p>\n\n\n\n<p><strong>2\u00aa Estrofe<\/strong><br>\nAs gavelas que recolhes: j\u00f3ias de esplendor<br>\nBrilhar\u00e3o na tua coroa, e dar\u00e3o fulgor;<br>\nBusca logo essas j\u00f3ias; deus \u00e9 premiador;<br>\nJovem. jovem, entra no labor!<\/p>\n\n\n\n<p><strong>3\u00aa Estrofe<\/strong><br>\nA manh\u00e3 j\u00e1 vai passando, n\u00e3o maia voltar\u00e1;<br>\nDa colheita o tempo brevemente findar\u00e1;<br>\nE perante o teu senhor vazio t?achar\u00e1s;<br>\nJovem, jovem, obedece j\u00e1!<\/p>\n","protected":false},"excerpt":{"rendered":"<p>1\u00aa Estrofe \u00c9 o tempo de segar e tu sem vacilar, Declaraste sem temor: ?n\u00e3o posso trabalhar?? Vem, enquanto cristo, o mestre, est\u00e1 a te chamar: ?jovem, jovem, \u00f3 vem trabalhar!? &#8211; Coro &#8211; Vem e v\u00ea os campos brancos j\u00e1 est\u00e3o Aguardando bravos que os segar\u00e3o; Jovem, desperta, faz-te pronto e alerta! Queiras logo&#8230; <a href=\"https:\/\/umsocorpo.com.br\/harpa-crista\/e-o-tempo-de-segar-hino-da-harpa-crista-no224\/\">ler mais &raquo;<\/a><\/p>\n","protected":false},"author":1,"featured_media":0,"comment_status":"open","ping_status":"open","sticky":false,"template":"","format":"standard","meta":{"footnotes":""},"categories":[3224],"tags":[3217,1505,3219],"class_list":["post-11079","post","type-post","status-publish","format-standard","hentry","category-201-a-300","tag-crista","tag-harpa","tag-harpa-crista"],"_links":{"self":[{"href":"https:\/\/umsocorpo.com.br\/harpa-crista\/wp-json\/wp\/v2\/posts\/11079","targetHints":{"allow":["GET"]}}],"collection":[{"href":"https:\/\/umsocorpo.com.br\/harpa-crista\/wp-json\/wp\/v2\/posts"}],"about":[{"href":"https:\/\/umsocorpo.com.br\/harpa-crista\/wp-json\/wp\/v2\/types\/post"}],"author":[{"embeddable":true,"href":"https:\/\/umsocorpo.com.br\/harpa-crista\/wp-json\/wp\/v2\/users\/1"}],"replies":[{"embeddable":true,"href":"https:\/\/umsocorpo.com.br\/harpa-crista\/wp-json\/wp\/v2\/comments?post=11079"}],"version-history":[{"count":0,"href":"https:\/\/umsocorpo.com.br\/harpa-crista\/wp-json\/wp\/v2\/posts\/11079\/revisions"}],"wp:attachment":[{"href":"https:\/\/umsocorpo.com.br\/harpa-crista\/wp-json\/wp\/v2\/media?parent=11079"}],"wp:term":[{"taxonomy":"category","embeddable":true,"href":"https:\/\/umsocorpo.com.br\/harpa-crista\/wp-json\/wp\/v2\/categories?post=11079"},{"taxonomy":"post_tag","embeddable":true,"href":"https:\/\/umsocorpo.com.br\/harpa-crista\/wp-json\/wp\/v2\/tags?post=11079"}],"curies":[{"name":"wp","href":"https:\/\/api.w.org\/{rel}","templated":true}]}}