{"id":11073,"date":"2025-03-20T00:03:47","date_gmt":"2015-05-15T00:26:05","guid":{"rendered":"https:\/\/umsocorpo.com.br\/admin\/deus-amou-este-mundo-hino-da-harpa-crista-no227\/"},"modified":"2025-03-20T22:52:01","modified_gmt":"2025-03-21T01:52:01","slug":"deus-amou-este-mundo-hino-da-harpa-crista-no227","status":"publish","type":"post","link":"https:\/\/umsocorpo.com.br\/harpa-crista\/deus-amou-este-mundo-hino-da-harpa-crista-no227\/","title":{"rendered":"Deus Amou Este Mundo &#8211; Hino da Harpa Crist\u00e3 N\u00ba227"},"content":{"rendered":"\n<figure class=\"wp-block-audio\"><audio controls src=\"https:\/\/umsocorpo.com.br\/harpa-crista\/admin\/wp-content\/uploads\/2025\/03\/deus-amou-este-mundo-hino-da-harpa-crista-no-227.mp3\"><\/audio><\/figure>\n\n\n\n<p><strong>1\u00aa Estrofe<\/strong><br>\nDeus amou de tal maneira<br>\nEste mundo sofredor.<br>\nQue \u00e0 humanidade inteira,<br>\nDeus seu filho para salvador.<\/p>\n\n\n\n<p><strong>&#8211; Coro &#8211;<\/strong><br>\nE agora nunca mais perece<br>\nO que cr\u00ea, mais vida eterna tem;<br>\nQuem em cristo permanece.<br>\nVai ser coroado al\u00e9m.<br>\nO pecado na cruz foi vencido,<br>\nPodes, pele f\u00e9, vencer tamb\u00e9m;<br>\nDe justi\u00e7a, \u00f3 s\u00ea vestido,<br>\nE receber\u00e1s coroe al\u00e9m.<\/p>\n\n\n\n<p><strong>2\u00aa Estrofe<\/strong><br>\nPrisioneiro do pecado,<br>\nVagas sem esperan\u00e7a ter;<br>\nMas jesus foi enviado,<br>\nPara liberdade te trazer.<\/p>\n\n\n\n<p><strong>3\u00aa Estrofe<\/strong><br>\nTu que vives desviado<br>\nSem a paz de deus gozar,<br>\nOuve a voz do pai amado,<br>\nQue te espera para te abra\u00e7ar.<\/p>\n","protected":false},"excerpt":{"rendered":"<p>1\u00aa Estrofe Deus amou de tal maneira Este mundo sofredor. Que \u00e0 humanidade inteira, Deus seu filho para salvador. &#8211; Coro &#8211; E agora nunca mais perece O que cr\u00ea, mais vida eterna tem; Quem em cristo permanece. Vai ser coroado al\u00e9m. O pecado na cruz foi vencido, Podes, pele f\u00e9, vencer tamb\u00e9m; De justi\u00e7a,&#8230; <a href=\"https:\/\/umsocorpo.com.br\/harpa-crista\/deus-amou-este-mundo-hino-da-harpa-crista-no227\/\">ler mais &raquo;<\/a><\/p>\n","protected":false},"author":1,"featured_media":0,"comment_status":"open","ping_status":"open","sticky":false,"template":"","format":"standard","meta":{"footnotes":""},"categories":[3224],"tags":[3217,1505,3219],"class_list":["post-11073","post","type-post","status-publish","format-standard","hentry","category-201-a-300","tag-crista","tag-harpa","tag-harpa-crista"],"_links":{"self":[{"href":"https:\/\/umsocorpo.com.br\/harpa-crista\/wp-json\/wp\/v2\/posts\/11073","targetHints":{"allow":["GET"]}}],"collection":[{"href":"https:\/\/umsocorpo.com.br\/harpa-crista\/wp-json\/wp\/v2\/posts"}],"about":[{"href":"https:\/\/umsocorpo.com.br\/harpa-crista\/wp-json\/wp\/v2\/types\/post"}],"author":[{"embeddable":true,"href":"https:\/\/umsocorpo.com.br\/harpa-crista\/wp-json\/wp\/v2\/users\/1"}],"replies":[{"embeddable":true,"href":"https:\/\/umsocorpo.com.br\/harpa-crista\/wp-json\/wp\/v2\/comments?post=11073"}],"version-history":[{"count":0,"href":"https:\/\/umsocorpo.com.br\/harpa-crista\/wp-json\/wp\/v2\/posts\/11073\/revisions"}],"wp:attachment":[{"href":"https:\/\/umsocorpo.com.br\/harpa-crista\/wp-json\/wp\/v2\/media?parent=11073"}],"wp:term":[{"taxonomy":"category","embeddable":true,"href":"https:\/\/umsocorpo.com.br\/harpa-crista\/wp-json\/wp\/v2\/categories?post=11073"},{"taxonomy":"post_tag","embeddable":true,"href":"https:\/\/umsocorpo.com.br\/harpa-crista\/wp-json\/wp\/v2\/tags?post=11073"}],"curies":[{"name":"wp","href":"https:\/\/api.w.org\/{rel}","templated":true}]}}