{"id":11071,"date":"2025-03-20T00:03:48","date_gmt":"2015-05-15T00:26:05","guid":{"rendered":"https:\/\/umsocorpo.com.br\/admin\/este-mundo-nao-compreende-hino-da-harpa-crista-no228\/"},"modified":"2025-03-20T23:04:41","modified_gmt":"2025-03-21T02:04:41","slug":"este-mundo-nao-compreende-hino-da-harpa-crista-no228","status":"publish","type":"post","link":"https:\/\/umsocorpo.com.br\/harpa-crista\/este-mundo-nao-compreende-hino-da-harpa-crista-no228\/","title":{"rendered":"Este Mundo N\u00e3o Compreende &#8211; Hino da Harpa Crist\u00e3 N\u00ba228"},"content":{"rendered":"\n<figure class=\"wp-block-audio\"><audio controls src=\"https:\/\/umsocorpo.com.br\/harpa-crista\/admin\/wp-content\/uploads\/2025\/03\/este-mundo-nao-compreende-hino-da-harpa-crista-no-228.mp3\"><\/audio><\/figure>\n\n\n\n<p><strong>1\u00aa Estrofe<\/strong><br>\nEste mundo n\u00e3o compreende.<br>\nQu\u00e3o alegre \u00e9 o meu viver,<br>\nMas a cristo quem atende,<br>\nDo c\u00e9u pode o gozo ter.<\/p>\n\n\n\n<p><strong>&#8211; Coro &#8211;<\/strong><br>\nMesmo quando em afli\u00e7\u00e3o,<br>\nGozo a paz de deus;<br>\nCristo ao meu cora\u00e7\u00e3o,<br>\nGozo traz dos c\u00e9us,<br>\nSe com cristo aqui viver,<br>\nT\u00e3o glorioso \u00e9,<br>\nMaior gl\u00f3ria hei de ter,<br>\nSe eu guardar sempre a f\u00e9.<\/p>\n\n\n\n<p><strong>2\u00aa Estrofe<\/strong><br>\nO que me faz mui ditoso,<br>\nOh, prov\u00e9m do amor de deus!<br>\nMas ser\u00e1 maior meu gozo,<br>\nQuando for morar nos c\u00e9us.<\/p>\n\n\n\n<p><strong>3\u00aa Estrofe<\/strong><br>\nSinto meu ser transformado,<br>\nPela gra\u00e7a do senhor;<br>\nCada dia mais chegado.<br>\nEu \u00e0 p\u00e1tria, estou, de amor.<\/p>\n","protected":false},"excerpt":{"rendered":"<p>1\u00aa Estrofe Este mundo n\u00e3o compreende. Qu\u00e3o alegre \u00e9 o meu viver, Mas a cristo quem atende, Do c\u00e9u pode o gozo ter. &#8211; Coro &#8211; Mesmo quando em afli\u00e7\u00e3o, Gozo a paz de deus; Cristo ao meu cora\u00e7\u00e3o, Gozo traz dos c\u00e9us, Se com cristo aqui viver, T\u00e3o glorioso \u00e9, Maior gl\u00f3ria hei de&#8230; <a href=\"https:\/\/umsocorpo.com.br\/harpa-crista\/este-mundo-nao-compreende-hino-da-harpa-crista-no228\/\">ler mais &raquo;<\/a><\/p>\n","protected":false},"author":1,"featured_media":0,"comment_status":"open","ping_status":"open","sticky":false,"template":"","format":"standard","meta":{"footnotes":""},"categories":[3224],"tags":[3217,1505,3219],"class_list":["post-11071","post","type-post","status-publish","format-standard","hentry","category-201-a-300","tag-crista","tag-harpa","tag-harpa-crista"],"_links":{"self":[{"href":"https:\/\/umsocorpo.com.br\/harpa-crista\/wp-json\/wp\/v2\/posts\/11071","targetHints":{"allow":["GET"]}}],"collection":[{"href":"https:\/\/umsocorpo.com.br\/harpa-crista\/wp-json\/wp\/v2\/posts"}],"about":[{"href":"https:\/\/umsocorpo.com.br\/harpa-crista\/wp-json\/wp\/v2\/types\/post"}],"author":[{"embeddable":true,"href":"https:\/\/umsocorpo.com.br\/harpa-crista\/wp-json\/wp\/v2\/users\/1"}],"replies":[{"embeddable":true,"href":"https:\/\/umsocorpo.com.br\/harpa-crista\/wp-json\/wp\/v2\/comments?post=11071"}],"version-history":[{"count":0,"href":"https:\/\/umsocorpo.com.br\/harpa-crista\/wp-json\/wp\/v2\/posts\/11071\/revisions"}],"wp:attachment":[{"href":"https:\/\/umsocorpo.com.br\/harpa-crista\/wp-json\/wp\/v2\/media?parent=11071"}],"wp:term":[{"taxonomy":"category","embeddable":true,"href":"https:\/\/umsocorpo.com.br\/harpa-crista\/wp-json\/wp\/v2\/categories?post=11071"},{"taxonomy":"post_tag","embeddable":true,"href":"https:\/\/umsocorpo.com.br\/harpa-crista\/wp-json\/wp\/v2\/tags?post=11071"}],"curies":[{"name":"wp","href":"https:\/\/api.w.org\/{rel}","templated":true}]}}