{"id":11067,"date":"2025-03-20T00:03:50","date_gmt":"2015-05-15T00:26:05","guid":{"rendered":"https:\/\/umsocorpo.com.br\/admin\/nos-vogamos-nesta-nau-hino-da-harpa-crista-no230\/"},"modified":"2025-03-20T23:05:39","modified_gmt":"2025-03-21T02:05:39","slug":"nos-vogamos-nesta-nau-hino-da-harpa-crista-no230","status":"publish","type":"post","link":"https:\/\/umsocorpo.com.br\/harpa-crista\/nos-vogamos-nesta-nau-hino-da-harpa-crista-no230\/","title":{"rendered":"N\u00f3s Vogamos Nesta Nau &#8211; Hino da Harpa Crist\u00e3 N\u00ba230"},"content":{"rendered":"\n<figure class=\"wp-block-audio\"><audio controls src=\"https:\/\/umsocorpo.com.br\/harpa-crista\/admin\/wp-content\/uploads\/2025\/03\/nos-vogamos-nesta-nau-hino-da-harpa-crista-no-230.mp3\"><\/audio><\/figure>\n\n\n\n<p><strong>1\u00aa Estrofe<\/strong><br>\nN\u00f3s vogamos, o mar vencemos,<br>\nNesta nau que nos conduz,<br>\nUm naufr\u00e1gio n\u00e3o tememos,<br>\nPois ao leme vai jesus.<\/p>\n\n\n\n<p><strong>&#8211; Coro &#8211;<\/strong><br>\nVem amigo, pois te amamos,<br>\nSem tardar, que n\u00f3s j\u00e1 vamos;<br>\nA tormenta n\u00e3o olhamos<br>\nE rumamos para o c\u00e9u.<br>\nA tormenta n\u00e3o olhamos<br>\nE rumamos para o c\u00e9u.<\/p>\n\n\n\n<p><strong>2\u00aa Estrofe<\/strong><br>\nPara nossa feliz morada,<br>\nEis a hora de partir;<br>\nHoje mesmo se faz chamada;<br>\n?quem com cristo quer seguir??<\/p>\n\n\n\n<p><strong>3\u00aa Estrofe<\/strong><br>\nAo findar da travessia,<br>\nNo c\u00e9u vamos ancorar;<br>\nCom presteza, com alegria,<br>\nN\u00f3s havemos de saltar.<\/p>\n\n\n\n<p><strong>4\u00aa Estrofe<\/strong><br>\nAnte n\u00f3s, vemos a cidade,<br>\nCujo porto se abrir\u00e1.<br>\nE jesus cheio de bondade<br>\nAos chegados sorrir\u00e1.<\/p>\n","protected":false},"excerpt":{"rendered":"<p>1\u00aa Estrofe N\u00f3s vogamos, o mar vencemos, Nesta nau que nos conduz, Um naufr\u00e1gio n\u00e3o tememos, Pois ao leme vai jesus. &#8211; Coro &#8211; Vem amigo, pois te amamos, Sem tardar, que n\u00f3s j\u00e1 vamos; A tormenta n\u00e3o olhamos E rumamos para o c\u00e9u. A tormenta n\u00e3o olhamos E rumamos para o c\u00e9u. 2\u00aa Estrofe&#8230; <a href=\"https:\/\/umsocorpo.com.br\/harpa-crista\/nos-vogamos-nesta-nau-hino-da-harpa-crista-no230\/\">ler mais &raquo;<\/a><\/p>\n","protected":false},"author":1,"featured_media":0,"comment_status":"open","ping_status":"open","sticky":false,"template":"","format":"standard","meta":{"footnotes":""},"categories":[3224],"tags":[3217,1505,3219],"class_list":["post-11067","post","type-post","status-publish","format-standard","hentry","category-201-a-300","tag-crista","tag-harpa","tag-harpa-crista"],"_links":{"self":[{"href":"https:\/\/umsocorpo.com.br\/harpa-crista\/wp-json\/wp\/v2\/posts\/11067","targetHints":{"allow":["GET"]}}],"collection":[{"href":"https:\/\/umsocorpo.com.br\/harpa-crista\/wp-json\/wp\/v2\/posts"}],"about":[{"href":"https:\/\/umsocorpo.com.br\/harpa-crista\/wp-json\/wp\/v2\/types\/post"}],"author":[{"embeddable":true,"href":"https:\/\/umsocorpo.com.br\/harpa-crista\/wp-json\/wp\/v2\/users\/1"}],"replies":[{"embeddable":true,"href":"https:\/\/umsocorpo.com.br\/harpa-crista\/wp-json\/wp\/v2\/comments?post=11067"}],"version-history":[{"count":0,"href":"https:\/\/umsocorpo.com.br\/harpa-crista\/wp-json\/wp\/v2\/posts\/11067\/revisions"}],"wp:attachment":[{"href":"https:\/\/umsocorpo.com.br\/harpa-crista\/wp-json\/wp\/v2\/media?parent=11067"}],"wp:term":[{"taxonomy":"category","embeddable":true,"href":"https:\/\/umsocorpo.com.br\/harpa-crista\/wp-json\/wp\/v2\/categories?post=11067"},{"taxonomy":"post_tag","embeddable":true,"href":"https:\/\/umsocorpo.com.br\/harpa-crista\/wp-json\/wp\/v2\/tags?post=11067"}],"curies":[{"name":"wp","href":"https:\/\/api.w.org\/{rel}","templated":true}]}}