{"id":11047,"date":"2025-03-20T00:04:00","date_gmt":"2015-05-15T00:26:04","guid":{"rendered":"https:\/\/umsocorpo.com.br\/admin\/oh-dia-alegre-hino-da-harpa-crista-no240\/"},"modified":"2025-03-20T23:07:13","modified_gmt":"2025-03-21T02:07:13","slug":"oh-dia-alegre-hino-da-harpa-crista-no240","status":"publish","type":"post","link":"https:\/\/umsocorpo.com.br\/harpa-crista\/oh-dia-alegre-hino-da-harpa-crista-no240\/","title":{"rendered":"Oh Dia Alegre! &#8211; Hino da Harpa Crist\u00e3 N\u00ba240"},"content":{"rendered":"\n<figure class=\"wp-block-audio\"><audio controls src=\"https:\/\/umsocorpo.com.br\/harpa-crista\/admin\/wp-content\/uploads\/2025\/03\/oh-dia-alegre-hino-da-harpa-crista-no-240.mp3\"><\/audio><\/figure>\n\n\n\n<p><strong>1\u00aa Estrofe<\/strong><br>\nCristo pode hoje vir,<br>\nOh dia alegre! irei amigos ver;<br>\nO mal ter\u00e1 o seu fim.<br>\nSe cristo do c\u00e9u descer!<\/p>\n\n\n\n<p><strong>&#8211; Coro &#8211;<\/strong><br>\nOh dia alegre, da vinda de jesus!<br>\nJesus vem buscar-me para os c\u00e9us;<br>\nEle vem breve para os seus;<br>\nOh dia alegre! da vinda de jesus!<\/p>\n\n\n\n<p><strong>2\u00aa Estrofe<\/strong><br>\nSe hoje for pra meu lar,<br>\nOh dia alegre! parece-me ouvir<br>\nOs salvos cantando: ?vem!?<br>\nQuem dera pra o c\u00e9u partir!<\/p>\n\n\n\n<p><strong>3\u00aa Estrofe<\/strong><br>\nPor que ansioso estar?<br>\nOh dia alegrei h\u00e1 luz na margem al\u00e9m;<br>\nTemporal nunca haver\u00e1;<br>\nDo c\u00e9u breve cristo vem!<\/p>\n\n\n\n<p><strong>4\u00aa Estrofe<\/strong><br>\nFiel a jesus estou,<br>\nOh dia alegre! livre estou pra dizer:<br>\n?cristo \u00e9 tudo pra mim?;<br>\nDo c\u00e9u vir\u00e1 com poder!<\/p>\n","protected":false},"excerpt":{"rendered":"<p>1\u00aa Estrofe Cristo pode hoje vir, Oh dia alegre! irei amigos ver; O mal ter\u00e1 o seu fim. Se cristo do c\u00e9u descer! &#8211; Coro &#8211; Oh dia alegre, da vinda de jesus! Jesus vem buscar-me para os c\u00e9us; Ele vem breve para os seus; Oh dia alegre! da vinda de jesus! 2\u00aa Estrofe Se&#8230; <a href=\"https:\/\/umsocorpo.com.br\/harpa-crista\/oh-dia-alegre-hino-da-harpa-crista-no240\/\">ler mais &raquo;<\/a><\/p>\n","protected":false},"author":1,"featured_media":0,"comment_status":"open","ping_status":"open","sticky":false,"template":"","format":"standard","meta":{"footnotes":""},"categories":[3224],"tags":[3217,1505,3219],"class_list":["post-11047","post","type-post","status-publish","format-standard","hentry","category-201-a-300","tag-crista","tag-harpa","tag-harpa-crista"],"_links":{"self":[{"href":"https:\/\/umsocorpo.com.br\/harpa-crista\/wp-json\/wp\/v2\/posts\/11047","targetHints":{"allow":["GET"]}}],"collection":[{"href":"https:\/\/umsocorpo.com.br\/harpa-crista\/wp-json\/wp\/v2\/posts"}],"about":[{"href":"https:\/\/umsocorpo.com.br\/harpa-crista\/wp-json\/wp\/v2\/types\/post"}],"author":[{"embeddable":true,"href":"https:\/\/umsocorpo.com.br\/harpa-crista\/wp-json\/wp\/v2\/users\/1"}],"replies":[{"embeddable":true,"href":"https:\/\/umsocorpo.com.br\/harpa-crista\/wp-json\/wp\/v2\/comments?post=11047"}],"version-history":[{"count":0,"href":"https:\/\/umsocorpo.com.br\/harpa-crista\/wp-json\/wp\/v2\/posts\/11047\/revisions"}],"wp:attachment":[{"href":"https:\/\/umsocorpo.com.br\/harpa-crista\/wp-json\/wp\/v2\/media?parent=11047"}],"wp:term":[{"taxonomy":"category","embeddable":true,"href":"https:\/\/umsocorpo.com.br\/harpa-crista\/wp-json\/wp\/v2\/categories?post=11047"},{"taxonomy":"post_tag","embeddable":true,"href":"https:\/\/umsocorpo.com.br\/harpa-crista\/wp-json\/wp\/v2\/tags?post=11047"}],"curies":[{"name":"wp","href":"https:\/\/api.w.org\/{rel}","templated":true}]}}