{"id":11041,"date":"2025-03-20T00:04:03","date_gmt":"2015-05-15T00:26:04","guid":{"rendered":"https:\/\/umsocorpo.com.br\/admin\/ao-abrir-o-culto-hino-da-harpa-crista-no243\/"},"modified":"2025-03-20T23:24:05","modified_gmt":"2025-03-21T02:24:05","slug":"ao-abrir-o-culto-hino-da-harpa-crista-no243","status":"publish","type":"post","link":"https:\/\/umsocorpo.com.br\/harpa-crista\/ao-abrir-o-culto-hino-da-harpa-crista-no243\/","title":{"rendered":"Ao Abrir O Culto &#8211; Hino da Harpa Crist\u00e3 N\u00ba243"},"content":{"rendered":"\n<figure class=\"wp-block-audio\"><audio controls src=\"https:\/\/umsocorpo.com.br\/harpa-crista\/admin\/wp-content\/uploads\/2025\/03\/ao-abrir-o-culto-hino-da-harpa-crista-no-243.mp3\"><\/audio><\/figure>\n\n\n\n<p><strong>1\u00aa Estrofe<\/strong><br>\nN\u00f3s abrimos este culto<br>\nEm teu nome, \u00f3 jesus cristo!<br>\nAo pequeno e ao adulto,<br>\nLuz divina vem dar por ato;<br>\nGozaremos em tua face,<br>\n\u00d3 cordeiro ressuscitadol<br>\nCom do\u00e7ura, sim, nos enlaces,<br>\nPra ouvir o que nos for dado.<\/p>\n\n\n\n<p><strong>2\u00aa Estrofe<\/strong><br>\n\u00d3 nos manda tua palavra<br>\nPelo teu esp\u00edrito santo,<br>\nQue no peito um fogo lavra,<br>\nQue enxuga tamb\u00e9m o pranto;<br>\nNosso pai, n\u00f3s te suplicamos<br>\nNova vida pra tua igreja;<br>\n\u00d3 n\u00e3o tardes, pois desejamos<br>\nQue pureza em n\u00f3s tu vejas.<\/p>\n\n\n\n<p><strong>3\u00aa Estrofe<\/strong><br>\nAben\u00e7oa, \u00f3 deus santo,<br>\nOs teus servos em todo o mundo;<br>\nAben\u00e7oa o nosso canto<br>\nE d\u00e1 vida aos moribundos;<br>\nAben\u00e7oa aos cordeirinhos,<br>\nA fam\u00edlia dos teus amados,<br>\nComo ave, que no seu ninho.<br>\nTem seus filhos bem abrigados.<\/p>\n","protected":false},"excerpt":{"rendered":"<p>1\u00aa Estrofe N\u00f3s abrimos este culto Em teu nome, \u00f3 jesus cristo! Ao pequeno e ao adulto, Luz divina vem dar por ato; Gozaremos em tua face, \u00d3 cordeiro ressuscitadol Com do\u00e7ura, sim, nos enlaces, Pra ouvir o que nos for dado. 2\u00aa Estrofe \u00d3 nos manda tua palavra Pelo teu esp\u00edrito santo, Que no&#8230; <a href=\"https:\/\/umsocorpo.com.br\/harpa-crista\/ao-abrir-o-culto-hino-da-harpa-crista-no243\/\">ler mais &raquo;<\/a><\/p>\n","protected":false},"author":1,"featured_media":0,"comment_status":"open","ping_status":"open","sticky":false,"template":"","format":"standard","meta":{"footnotes":""},"categories":[3224],"tags":[3217,1505,3219],"class_list":["post-11041","post","type-post","status-publish","format-standard","hentry","category-201-a-300","tag-crista","tag-harpa","tag-harpa-crista"],"_links":{"self":[{"href":"https:\/\/umsocorpo.com.br\/harpa-crista\/wp-json\/wp\/v2\/posts\/11041","targetHints":{"allow":["GET"]}}],"collection":[{"href":"https:\/\/umsocorpo.com.br\/harpa-crista\/wp-json\/wp\/v2\/posts"}],"about":[{"href":"https:\/\/umsocorpo.com.br\/harpa-crista\/wp-json\/wp\/v2\/types\/post"}],"author":[{"embeddable":true,"href":"https:\/\/umsocorpo.com.br\/harpa-crista\/wp-json\/wp\/v2\/users\/1"}],"replies":[{"embeddable":true,"href":"https:\/\/umsocorpo.com.br\/harpa-crista\/wp-json\/wp\/v2\/comments?post=11041"}],"version-history":[{"count":0,"href":"https:\/\/umsocorpo.com.br\/harpa-crista\/wp-json\/wp\/v2\/posts\/11041\/revisions"}],"wp:attachment":[{"href":"https:\/\/umsocorpo.com.br\/harpa-crista\/wp-json\/wp\/v2\/media?parent=11041"}],"wp:term":[{"taxonomy":"category","embeddable":true,"href":"https:\/\/umsocorpo.com.br\/harpa-crista\/wp-json\/wp\/v2\/categories?post=11041"},{"taxonomy":"post_tag","embeddable":true,"href":"https:\/\/umsocorpo.com.br\/harpa-crista\/wp-json\/wp\/v2\/tags?post=11041"}],"curies":[{"name":"wp","href":"https:\/\/api.w.org\/{rel}","templated":true}]}}