{"id":10907,"date":"2025-03-20T00:05:10","date_gmt":"2015-05-15T00:25:58","guid":{"rendered":"https:\/\/umsocorpo.com.br\/admin\/avante-eu-vou-hino-da-harpa-crista-no310\/"},"modified":"2025-03-21T00:05:55","modified_gmt":"2025-03-21T03:05:55","slug":"avante-eu-vou-hino-da-harpa-crista-no310","status":"publish","type":"post","link":"https:\/\/umsocorpo.com.br\/harpa-crista\/avante-eu-vou-hino-da-harpa-crista-no310\/","title":{"rendered":"Avante Eu Vou &#8211; Hino da Harpa Crist\u00e3 N\u00ba310"},"content":{"rendered":"\n<figure class=\"wp-block-audio\"><audio controls src=\"https:\/\/umsocorpo.com.br\/harpa-crista\/admin\/wp-content\/uploads\/2025\/03\/avante-eu-vou-hino-da-harpa-crista-no-310.mp3\"><\/audio><\/figure>\n\n\n\n<p><strong>1\u00aa Estrofe<\/strong><br>\nJesus \u00e9 o redentor, que veio nos salvar,<br>\nDo mundo de horror, das ondas deste mar;<br>\nA todo o que crer vit\u00f3ria lhe, dar\u00e1,<br>\nTamb\u00e9m real poder, que gozo lhe trar\u00e1.<\/p>\n\n\n\n<p><strong>&#8211; Coro &#8211;<\/strong><br>\nAvante eu vou, avante eu vou,<br>\nPara entrar no c\u00e9u, na divinal mans\u00e3o;<br>\nTenho gozo mui profundo; jesus no cora\u00e7\u00e3o,<br>\nN\u00e3o olhando para o mundo, avante eu vou.<\/p>\n\n\n\n<p><strong>2\u00aa Estrofe<\/strong><br>\nJesus meu salvador. ao c\u00e9u me levar\u00e1,<br>\nE do destruidor, o corpo esmagar\u00e1,<br>\nAo caro redentor, fiel aqui serei,<br>\nA ele, com fervor, somente seguirei.<\/p>\n\n\n\n<p><strong>3\u00aa Estrofe<\/strong><br>\nTrombeta soar\u00e1 do nosso criador;<br>\nA grei se elevar\u00e1 dos santos do senhor;<br>\nEm gl\u00f3ria e poder jesus regressar\u00e1,<br>\nSeus servos h\u00e3o de o ver, pois breve voltar\u00e1.<\/p>\n\n\n\n<p><strong>4\u00aa Estrofe<\/strong><br>\nEis que vir\u00e1 jesus, afim de me levar,<br>\nA desfrutar em luz, o seu amor sem par;<br>\nAbra\u00e3o, isaque e j\u00f3 ali no c\u00e9u verei,<br>\nAo lado de jac\u00f3, com eles cearei.<\/p>\n","protected":false},"excerpt":{"rendered":"<p>1\u00aa Estrofe Jesus \u00e9 o redentor, que veio nos salvar, Do mundo de horror, das ondas deste mar; A todo o que crer vit\u00f3ria lhe, dar\u00e1, Tamb\u00e9m real poder, que gozo lhe trar\u00e1. &#8211; Coro &#8211; Avante eu vou, avante eu vou, Para entrar no c\u00e9u, na divinal mans\u00e3o; Tenho gozo mui profundo; jesus no&#8230; <a href=\"https:\/\/umsocorpo.com.br\/harpa-crista\/avante-eu-vou-hino-da-harpa-crista-no310\/\">ler mais &raquo;<\/a><\/p>\n","protected":false},"author":1,"featured_media":0,"comment_status":"open","ping_status":"open","sticky":false,"template":"","format":"standard","meta":{"footnotes":""},"categories":[3222],"tags":[3217,1505,3219],"class_list":["post-10907","post","type-post","status-publish","format-standard","hentry","category-301-a-400","tag-crista","tag-harpa","tag-harpa-crista"],"_links":{"self":[{"href":"https:\/\/umsocorpo.com.br\/harpa-crista\/wp-json\/wp\/v2\/posts\/10907","targetHints":{"allow":["GET"]}}],"collection":[{"href":"https:\/\/umsocorpo.com.br\/harpa-crista\/wp-json\/wp\/v2\/posts"}],"about":[{"href":"https:\/\/umsocorpo.com.br\/harpa-crista\/wp-json\/wp\/v2\/types\/post"}],"author":[{"embeddable":true,"href":"https:\/\/umsocorpo.com.br\/harpa-crista\/wp-json\/wp\/v2\/users\/1"}],"replies":[{"embeddable":true,"href":"https:\/\/umsocorpo.com.br\/harpa-crista\/wp-json\/wp\/v2\/comments?post=10907"}],"version-history":[{"count":0,"href":"https:\/\/umsocorpo.com.br\/harpa-crista\/wp-json\/wp\/v2\/posts\/10907\/revisions"}],"wp:attachment":[{"href":"https:\/\/umsocorpo.com.br\/harpa-crista\/wp-json\/wp\/v2\/media?parent=10907"}],"wp:term":[{"taxonomy":"category","embeddable":true,"href":"https:\/\/umsocorpo.com.br\/harpa-crista\/wp-json\/wp\/v2\/categories?post=10907"},{"taxonomy":"post_tag","embeddable":true,"href":"https:\/\/umsocorpo.com.br\/harpa-crista\/wp-json\/wp\/v2\/tags?post=10907"}],"curies":[{"name":"wp","href":"https:\/\/api.w.org\/{rel}","templated":true}]}}