{"id":10905,"date":"2025-03-20T00:05:11","date_gmt":"2015-05-15T00:25:58","guid":{"rendered":"https:\/\/umsocorpo.com.br\/admin\/jesus-meu-salvador-hino-da-harpa-crista-no311\/"},"modified":"2025-03-21T00:05:56","modified_gmt":"2025-03-21T03:05:56","slug":"jesus-meu-salvador-hino-da-harpa-crista-no311","status":"publish","type":"post","link":"https:\/\/umsocorpo.com.br\/harpa-crista\/jesus-meu-salvador-hino-da-harpa-crista-no311\/","title":{"rendered":"Jesus, Meu Salvador &#8211; Hino da Harpa Crist\u00e3 N\u00ba311"},"content":{"rendered":"\n<figure class=\"wp-block-audio\"><audio controls src=\"https:\/\/umsocorpo.com.br\/harpa-crista\/admin\/wp-content\/uploads\/2025\/03\/jesus-meu-salvador-hino-da-harpa-crista-no-311.mp3\"><\/audio><\/figure>\n\n\n\n<p><strong>1\u00aa Estrofe<\/strong><br>\nJesus salvou-me do mundo,<br>\nEle \u00e9 t\u00e3o doce pra mim;<br>\nAmor, lhe tenho, profundo,<br>\nPor sua gra\u00e7a sem fim;<br>\nQuando ia eu no deserto,<br>\nSem gozo, paz e sem luz,<br>\nEle buscou-me, por certo,<br>\nT\u00e9 que achou-me ? jesus!<\/p>\n\n\n\n<p><strong>&#8211; Coro &#8211;<\/strong><br>\nJesus, jesus, tu \u00e9s meu salvador,<br>\nJesus, jesus, s\u00f3 teu serei, senhor.<br>\nNa senda mui verdadeira,<br>\nGuia-me tua m\u00e3o,<br>\nE ao findar minha carreira,<br>\nReceberei galard\u00e3o.<\/p>\n\n\n\n<p><strong>2\u00aa Estrofe<\/strong><br>\nJesus de saron \u00e9 a rosa,<br>\nL\u00edrio suave \u00e9 pra mim;<br>\nEle \u00e9 a rocha preciosa,<br>\nOnde h\u00e1 gozo sem fim;<br>\n\u00c9 da manh\u00e3 a estrela,<br>\nNa noite escura e sem luz,<br>\nTenho do\u00e7ura em v\u00ea-la,<br>\nPois ela \u00e9 meu jesus!<\/p>\n\n\n\n<p><strong>3\u00aa Estrofe<\/strong><br>\nNa manjedoura nascendo,<br>\nNo mundo, s\u00f3 batalhou;<br>\nEm meu lugar padecendo,<br>\nSangue por mim derramou,<br>\nRessurgiu da sepultura,<br>\nSubindo \u00e0 dextra de deus;<br>\nBreve vir\u00e1 das alturas,<br>\nDescendo em nuvens dos c\u00e9us.<\/p>\n","protected":false},"excerpt":{"rendered":"<p>1\u00aa Estrofe Jesus salvou-me do mundo, Ele \u00e9 t\u00e3o doce pra mim; Amor, lhe tenho, profundo, Por sua gra\u00e7a sem fim; Quando ia eu no deserto, Sem gozo, paz e sem luz, Ele buscou-me, por certo, T\u00e9 que achou-me ? jesus! &#8211; Coro &#8211; Jesus, jesus, tu \u00e9s meu salvador, Jesus, jesus, s\u00f3 teu serei,&#8230; <a href=\"https:\/\/umsocorpo.com.br\/harpa-crista\/jesus-meu-salvador-hino-da-harpa-crista-no311\/\">ler mais &raquo;<\/a><\/p>\n","protected":false},"author":1,"featured_media":0,"comment_status":"open","ping_status":"open","sticky":false,"template":"","format":"standard","meta":{"footnotes":""},"categories":[3222],"tags":[3217,1505,3219],"class_list":["post-10905","post","type-post","status-publish","format-standard","hentry","category-301-a-400","tag-crista","tag-harpa","tag-harpa-crista"],"_links":{"self":[{"href":"https:\/\/umsocorpo.com.br\/harpa-crista\/wp-json\/wp\/v2\/posts\/10905","targetHints":{"allow":["GET"]}}],"collection":[{"href":"https:\/\/umsocorpo.com.br\/harpa-crista\/wp-json\/wp\/v2\/posts"}],"about":[{"href":"https:\/\/umsocorpo.com.br\/harpa-crista\/wp-json\/wp\/v2\/types\/post"}],"author":[{"embeddable":true,"href":"https:\/\/umsocorpo.com.br\/harpa-crista\/wp-json\/wp\/v2\/users\/1"}],"replies":[{"embeddable":true,"href":"https:\/\/umsocorpo.com.br\/harpa-crista\/wp-json\/wp\/v2\/comments?post=10905"}],"version-history":[{"count":0,"href":"https:\/\/umsocorpo.com.br\/harpa-crista\/wp-json\/wp\/v2\/posts\/10905\/revisions"}],"wp:attachment":[{"href":"https:\/\/umsocorpo.com.br\/harpa-crista\/wp-json\/wp\/v2\/media?parent=10905"}],"wp:term":[{"taxonomy":"category","embeddable":true,"href":"https:\/\/umsocorpo.com.br\/harpa-crista\/wp-json\/wp\/v2\/categories?post=10905"},{"taxonomy":"post_tag","embeddable":true,"href":"https:\/\/umsocorpo.com.br\/harpa-crista\/wp-json\/wp\/v2\/tags?post=10905"}],"curies":[{"name":"wp","href":"https:\/\/api.w.org\/{rel}","templated":true}]}}