{"id":10895,"date":"2025-03-20T00:05:16","date_gmt":"2015-05-15T00:25:58","guid":{"rendered":"https:\/\/umsocorpo.com.br\/admin\/em-busca-de-siao-hino-da-harpa-crista-no316\/"},"modified":"2025-03-21T00:05:57","modified_gmt":"2025-03-21T03:05:57","slug":"em-busca-de-siao-hino-da-harpa-crista-no316","status":"publish","type":"post","link":"https:\/\/umsocorpo.com.br\/harpa-crista\/em-busca-de-siao-hino-da-harpa-crista-no316\/","title":{"rendered":"Em Busca De Si\u00e3o &#8211; Hino da Harpa Crist\u00e3 N\u00ba316"},"content":{"rendered":"\n<figure class=\"wp-block-audio\"><audio controls src=\"https:\/\/umsocorpo.com.br\/harpa-crista\/admin\/wp-content\/uploads\/2025\/03\/em-busca-de-siao-hino-da-harpa-crista-no-316.mp3\"><\/audio><\/figure>\n\n\n\n<p><strong>1\u00aa Estrofe<\/strong><br>\nSaindo do egito em busca de si\u00e1o,<br>\nMeu salvador guiou-me com sua forte m\u00e3o;<br>\nLevou-me em vit\u00f3rias pelo fogo e o mar;<br>\nAgora, canto a deus, pela salva\u00e7\u00e3o sem par.<\/p>\n\n\n\n<p><strong>&#8211; Coro &#8211;<\/strong><br>\nN\u00e3o busquem mais a mim na escravid\u00e3o,<br>\nErgui a tenda, enfim, na terra de si\u00e3o.<br>\nN\u00e3o busquem mais a mim na escravid\u00e3o,<br>\nErgui a tenda, enfim, na terra de si\u00e3o.<\/p>\n\n\n\n<p><strong>2\u00aa Estrofe<\/strong><br>\nMui perto de jesus e vendo o galard\u00e3o,<br>\nPra cana\u00e3 eu sigo, l\u00e1 est\u00e1 meu cora\u00e7\u00e3o;<br>\nJesus pra grande heran\u00e7a, h\u00e1 de me levar,<br>\nA quem deu-me esperan\u00e7a, eu hei de aqui louvar.<\/p>\n\n\n\n<p><strong>3\u00aa Estrofe<\/strong><br>\nAndei eu pelos campos, onde fruto achei;<br>\nEm hebron, uvas vivas tamb\u00e9m eu apanhei,<br>\nAqui melhor mel, vinho e leite eu encontrei,<br>\nPra escravid\u00e3o do egito jamais eu voltarei.<\/p>\n\n\n\n<p><strong>4\u00aa Estrofe<\/strong><br>\nAs lutas desta vida eu n\u00e3o sinto mais,<br>\nPois sempre vou cantando sua gra\u00e7a, amor e paz;<br>\nEu vou marchando para o eterno lar,<br>\nE breve, l\u00e1 no c\u00e9u ? minha p\u00e1tria ? hei de estar.<\/p>\n","protected":false},"excerpt":{"rendered":"<p>1\u00aa Estrofe Saindo do egito em busca de si\u00e1o, Meu salvador guiou-me com sua forte m\u00e3o; Levou-me em vit\u00f3rias pelo fogo e o mar; Agora, canto a deus, pela salva\u00e7\u00e3o sem par. &#8211; Coro &#8211; N\u00e3o busquem mais a mim na escravid\u00e3o, Ergui a tenda, enfim, na terra de si\u00e3o. N\u00e3o busquem mais a mim&#8230; <a href=\"https:\/\/umsocorpo.com.br\/harpa-crista\/em-busca-de-siao-hino-da-harpa-crista-no316\/\">ler mais &raquo;<\/a><\/p>\n","protected":false},"author":1,"featured_media":0,"comment_status":"open","ping_status":"open","sticky":false,"template":"","format":"standard","meta":{"footnotes":""},"categories":[3222],"tags":[3217,1505,3219],"class_list":["post-10895","post","type-post","status-publish","format-standard","hentry","category-301-a-400","tag-crista","tag-harpa","tag-harpa-crista"],"_links":{"self":[{"href":"https:\/\/umsocorpo.com.br\/harpa-crista\/wp-json\/wp\/v2\/posts\/10895","targetHints":{"allow":["GET"]}}],"collection":[{"href":"https:\/\/umsocorpo.com.br\/harpa-crista\/wp-json\/wp\/v2\/posts"}],"about":[{"href":"https:\/\/umsocorpo.com.br\/harpa-crista\/wp-json\/wp\/v2\/types\/post"}],"author":[{"embeddable":true,"href":"https:\/\/umsocorpo.com.br\/harpa-crista\/wp-json\/wp\/v2\/users\/1"}],"replies":[{"embeddable":true,"href":"https:\/\/umsocorpo.com.br\/harpa-crista\/wp-json\/wp\/v2\/comments?post=10895"}],"version-history":[{"count":0,"href":"https:\/\/umsocorpo.com.br\/harpa-crista\/wp-json\/wp\/v2\/posts\/10895\/revisions"}],"wp:attachment":[{"href":"https:\/\/umsocorpo.com.br\/harpa-crista\/wp-json\/wp\/v2\/media?parent=10895"}],"wp:term":[{"taxonomy":"category","embeddable":true,"href":"https:\/\/umsocorpo.com.br\/harpa-crista\/wp-json\/wp\/v2\/categories?post=10895"},{"taxonomy":"post_tag","embeddable":true,"href":"https:\/\/umsocorpo.com.br\/harpa-crista\/wp-json\/wp\/v2\/tags?post=10895"}],"curies":[{"name":"wp","href":"https:\/\/api.w.org\/{rel}","templated":true}]}}