{"id":10877,"date":"2025-03-20T00:05:25","date_gmt":"2015-05-15T00:25:57","guid":{"rendered":"https:\/\/umsocorpo.com.br\/admin\/a-luz-do-ceu-raiou-hino-da-harpa-crista-no325\/"},"modified":"2025-03-21T00:16:40","modified_gmt":"2025-03-21T03:16:40","slug":"a-luz-do-ceu-raiou-hino-da-harpa-crista-no325","status":"publish","type":"post","link":"https:\/\/umsocorpo.com.br\/harpa-crista\/a-luz-do-ceu-raiou-hino-da-harpa-crista-no325\/","title":{"rendered":"A Luz Do C\u00e9u Raiou &#8211; Hino da Harpa Crist\u00e3 N\u00ba325"},"content":{"rendered":"\n<figure class=\"wp-block-audio\"><audio controls src=\"https:\/\/umsocorpo.com.br\/harpa-crista\/admin\/wp-content\/uploads\/2025\/03\/a-luz-do-ceu-raiou-hino-da-harpa-crista-no-325.mp3\"><\/audio><\/figure>\n\n\n\n<p><strong>1\u00aa Estrofe<\/strong><br>\nNoutro tempo, sei como eu andei,<br>\nDo pecado sob o v\u00e9u,<br>\nMas do c\u00e9u raiou e em mim entrou<br>\nA luz do glorioso c\u00e9u.<\/p>\n\n\n\n<p><strong>&#8211; Coro &#8211;<\/strong><br>\nEm meu cora\u00e7\u00e3o a luz raiou<br>\nDesde a gl\u00f3ria, pois jesus me amou;<br>\nE agora vivo sempre alegre,<br>\nDepois que luz do c\u00e9u raiou!<\/p>\n\n\n\n<p><strong>2\u00aa Estrofe<\/strong><br>\nE poder me d\u00e1, que s\u00f3 vem de l\u00e1,<br>\nDe jesus, que me salvou;<br>\nE eu vivo aqui, a louvar a deus,<br>\nQue minh?alma libertou.<\/p>\n\n\n\n<p><strong>3\u00aa Estrofe<\/strong><br>\nO descanso entrou e o lutar findou,<br>\nCom jesus, meu salvador;<br>\nSeu amor sem fim revelado a mim,<br>\nEnche-me de paz e amor.<\/p>\n\n\n\n<p><strong>4\u00aa Estrofe<\/strong><br>\nVou morar, ent\u00e3o, na feliz si\u00e3o,<br>\nCom meu salvador jesus,<br>\nPara sempre ali, gozarei prazer<br>\nL\u00e1 na gloriosa luz.<\/p>\n","protected":false},"excerpt":{"rendered":"<p>1\u00aa Estrofe Noutro tempo, sei como eu andei, Do pecado sob o v\u00e9u, Mas do c\u00e9u raiou e em mim entrou A luz do glorioso c\u00e9u. &#8211; Coro &#8211; Em meu cora\u00e7\u00e3o a luz raiou Desde a gl\u00f3ria, pois jesus me amou; E agora vivo sempre alegre, Depois que luz do c\u00e9u raiou! 2\u00aa Estrofe&#8230; <a href=\"https:\/\/umsocorpo.com.br\/harpa-crista\/a-luz-do-ceu-raiou-hino-da-harpa-crista-no325\/\">ler mais &raquo;<\/a><\/p>\n","protected":false},"author":1,"featured_media":0,"comment_status":"open","ping_status":"open","sticky":false,"template":"","format":"standard","meta":{"footnotes":""},"categories":[3222],"tags":[3217,1505,3219],"class_list":["post-10877","post","type-post","status-publish","format-standard","hentry","category-301-a-400","tag-crista","tag-harpa","tag-harpa-crista"],"_links":{"self":[{"href":"https:\/\/umsocorpo.com.br\/harpa-crista\/wp-json\/wp\/v2\/posts\/10877","targetHints":{"allow":["GET"]}}],"collection":[{"href":"https:\/\/umsocorpo.com.br\/harpa-crista\/wp-json\/wp\/v2\/posts"}],"about":[{"href":"https:\/\/umsocorpo.com.br\/harpa-crista\/wp-json\/wp\/v2\/types\/post"}],"author":[{"embeddable":true,"href":"https:\/\/umsocorpo.com.br\/harpa-crista\/wp-json\/wp\/v2\/users\/1"}],"replies":[{"embeddable":true,"href":"https:\/\/umsocorpo.com.br\/harpa-crista\/wp-json\/wp\/v2\/comments?post=10877"}],"version-history":[{"count":0,"href":"https:\/\/umsocorpo.com.br\/harpa-crista\/wp-json\/wp\/v2\/posts\/10877\/revisions"}],"wp:attachment":[{"href":"https:\/\/umsocorpo.com.br\/harpa-crista\/wp-json\/wp\/v2\/media?parent=10877"}],"wp:term":[{"taxonomy":"category","embeddable":true,"href":"https:\/\/umsocorpo.com.br\/harpa-crista\/wp-json\/wp\/v2\/categories?post=10877"},{"taxonomy":"post_tag","embeddable":true,"href":"https:\/\/umsocorpo.com.br\/harpa-crista\/wp-json\/wp\/v2\/tags?post=10877"}],"curies":[{"name":"wp","href":"https:\/\/api.w.org\/{rel}","templated":true}]}}