{"id":10871,"date":"2025-03-20T00:05:28","date_gmt":"2015-05-15T00:25:57","guid":{"rendered":"https:\/\/umsocorpo.com.br\/admin\/o-pao-da-vida-hino-da-harpa-crista-no328\/"},"modified":"2025-03-21T00:16:41","modified_gmt":"2025-03-21T03:16:41","slug":"o-pao-da-vida-hino-da-harpa-crista-no328","status":"publish","type":"post","link":"https:\/\/umsocorpo.com.br\/harpa-crista\/o-pao-da-vida-hino-da-harpa-crista-no328\/","title":{"rendered":"O P\u00e3o Da Vida &#8211; Hino da Harpa Crist\u00e3 N\u00ba328"},"content":{"rendered":"\n<figure class=\"wp-block-audio\"><audio controls src=\"https:\/\/umsocorpo.com.br\/harpa-crista\/admin\/wp-content\/uploads\/2025\/03\/o-pao-da-vida-hino-da-harpa-crista-no-328.mp3\"><\/audio><\/figure>\n\n\n\n<p><strong>1\u00aa Estrofe<\/strong><br>\nO p\u00e3o da vida, descido dos c\u00e9us,<br>\nD\u00e1 paz, sa\u00fade e vigor;<br>\nO p\u00e3o celeste, mandado por deus,<br>\n\u00c9 cristo, o salvador;<br>\nO redentor, vem sem tardar,<br>\nDo pecador o mal sanar!<br>\nSe algum perdido buscar tua luz,<br>\nDepressa vem a paz lhe dar;<br>\nN\u00e3o tardes mais, amoroso jesus,<br>\n\u00d3 vem me confortar!<\/p>\n\n\n\n<p><strong>2\u00aa Estrofe<\/strong><br>\nH\u00e1 gozo santo pra quem tem a luz,<br>\nEm se lembrar do seu senhor,<br>\nE s\u00f3 falar do amor de jesus,<br>\nO grande redentor!<br>\nTeu jugo \u00e9 doce, meu senhor,<br>\nTeu fardo \u00e9 leve, que amor!<br>\nSe eu n\u00e3o posso levar minha cruz,<br>\nDepressa vem me ajudar;<br>\nN\u00e3o tardes mais, amoroso jesus,<br>\n\u00d3 vem me confortar!<\/p>\n\n\n\n<p><strong>3\u00aa Estrofe<\/strong><br>\nPor duras provas e persegui\u00e7\u00f5es,<br>\nTu fazes o fiel passar;<br>\nE quem vencer h\u00e1 de ter galard\u00e3o,<br>\nTamb\u00e9m no c\u00e9u lugar,<br>\nEu l\u00e1 verei teu esplendor,<br>\nA tua gl\u00f3ria. salvador;<br>\nSe n\u00e3o puder carregar minha cruz,<br>\nDepressa vem me auxiliar;<br>\nN\u00e3o tardes mais, amoroso jesus,<br>\n\u00d3 vem me confortar!<\/p>\n\n\n\n<p><strong>4\u00aa Estrofe<\/strong><br>\nJesus, o teu insond\u00e1vel amor,<br>\nMe faz sentir no cora\u00e7\u00e3o;<br>\nO amor de deus, este santo amor,<br>\nE viverei, ent\u00e3o;<br>\nA ti, jesus, eu dou louvor;<br>\nTu me d\u00e1s gra\u00e7a e vigor;<br>\nTu \u00e9s o p\u00e3o que a vida produz;<br>\nMinh?alma vem alimentar;<br>\nN\u00e3o tardes mais, amoroso jesus<br>\nO vem me confortar!<\/p>\n","protected":false},"excerpt":{"rendered":"<p>1\u00aa Estrofe O p\u00e3o da vida, descido dos c\u00e9us, D\u00e1 paz, sa\u00fade e vigor; O p\u00e3o celeste, mandado por deus, \u00c9 cristo, o salvador; O redentor, vem sem tardar, Do pecador o mal sanar! Se algum perdido buscar tua luz, Depressa vem a paz lhe dar; N\u00e3o tardes mais, amoroso jesus, \u00d3 vem me confortar!&#8230; <a href=\"https:\/\/umsocorpo.com.br\/harpa-crista\/o-pao-da-vida-hino-da-harpa-crista-no328\/\">ler mais &raquo;<\/a><\/p>\n","protected":false},"author":1,"featured_media":0,"comment_status":"open","ping_status":"open","sticky":false,"template":"","format":"standard","meta":{"footnotes":""},"categories":[3222],"tags":[3217,1505,3219],"class_list":["post-10871","post","type-post","status-publish","format-standard","hentry","category-301-a-400","tag-crista","tag-harpa","tag-harpa-crista"],"_links":{"self":[{"href":"https:\/\/umsocorpo.com.br\/harpa-crista\/wp-json\/wp\/v2\/posts\/10871","targetHints":{"allow":["GET"]}}],"collection":[{"href":"https:\/\/umsocorpo.com.br\/harpa-crista\/wp-json\/wp\/v2\/posts"}],"about":[{"href":"https:\/\/umsocorpo.com.br\/harpa-crista\/wp-json\/wp\/v2\/types\/post"}],"author":[{"embeddable":true,"href":"https:\/\/umsocorpo.com.br\/harpa-crista\/wp-json\/wp\/v2\/users\/1"}],"replies":[{"embeddable":true,"href":"https:\/\/umsocorpo.com.br\/harpa-crista\/wp-json\/wp\/v2\/comments?post=10871"}],"version-history":[{"count":0,"href":"https:\/\/umsocorpo.com.br\/harpa-crista\/wp-json\/wp\/v2\/posts\/10871\/revisions"}],"wp:attachment":[{"href":"https:\/\/umsocorpo.com.br\/harpa-crista\/wp-json\/wp\/v2\/media?parent=10871"}],"wp:term":[{"taxonomy":"category","embeddable":true,"href":"https:\/\/umsocorpo.com.br\/harpa-crista\/wp-json\/wp\/v2\/categories?post=10871"},{"taxonomy":"post_tag","embeddable":true,"href":"https:\/\/umsocorpo.com.br\/harpa-crista\/wp-json\/wp\/v2\/tags?post=10871"}],"curies":[{"name":"wp","href":"https:\/\/api.w.org\/{rel}","templated":true}]}}