{"id":10859,"date":"2025-03-20T00:05:34","date_gmt":"2015-05-15T00:25:56","guid":{"rendered":"https:\/\/umsocorpo.com.br\/admin\/o-fim-vem-cuidado-hino-da-harpa-crista-no334\/"},"modified":"2025-03-21T00:16:44","modified_gmt":"2025-03-21T03:16:44","slug":"o-fim-vem-cuidado-hino-da-harpa-crista-no334","status":"publish","type":"post","link":"https:\/\/umsocorpo.com.br\/harpa-crista\/o-fim-vem-cuidado-hino-da-harpa-crista-no334\/","title":{"rendered":"O Fim Vem, Cuidado! &#8211; Hino da Harpa Crist\u00e3 N\u00ba334"},"content":{"rendered":"\n<figure class=\"wp-block-audio\"><audio controls src=\"https:\/\/umsocorpo.com.br\/harpa-crista\/admin\/wp-content\/uploads\/2025\/03\/o-fim-vem-cuidado-hino-da-harpa-crista-no-334.mp3\"><\/audio><\/figure>\n\n\n\n<p><strong>1\u00aa Estrofe<\/strong><br>\nO fim de todas coisas vem, n\u00e3o tarda, cuidado!<br>\nN\u00e3o queiras hoje recusar a gra\u00e7a do salvador:<br>\nProcura bem depressa, ficar abrigado,<br>\nNo sangue do cordeiro, no sangue remidor.<\/p>\n\n\n\n<p><strong>&#8211; Coro &#8211;<\/strong><br>\nQue sangue precioso, saiu de meu jesus!<br>\nQue sangue glorioso, vertido foi, na cruz!<\/p>\n\n\n\n<p><strong>2\u00aa Estrofe<\/strong><br>\nO fundamento do crist\u00e3o \u00e9 a rocha eleita,<br>\nPor isco pode resistir os ventos da tenta\u00e7\u00e3o.<br>\nA todo o que sincero, a cristo aceita,<br>\nO sangue do cordeiro garante salva\u00e7\u00e3o.<\/p>\n\n\n\n<p><strong>3\u00aa Estrofe<\/strong><br>\nQuem pois ouvir, h\u00e1 de viver com cristo na gl\u00f3ria,<br>\nQuem n\u00e3o ouvir h\u00e1 de morrer, tormentos padecer\u00e1,<br>\nPois quem deseja sobre o mal a vit\u00f3ria,<br>\nNo sangue do cordeiro poder encontrar\u00e1.<\/p>\n","protected":false},"excerpt":{"rendered":"<p>1\u00aa Estrofe O fim de todas coisas vem, n\u00e3o tarda, cuidado! N\u00e3o queiras hoje recusar a gra\u00e7a do salvador: Procura bem depressa, ficar abrigado, No sangue do cordeiro, no sangue remidor. &#8211; Coro &#8211; Que sangue precioso, saiu de meu jesus! Que sangue glorioso, vertido foi, na cruz! 2\u00aa Estrofe O fundamento do crist\u00e3o \u00e9&#8230; <a href=\"https:\/\/umsocorpo.com.br\/harpa-crista\/o-fim-vem-cuidado-hino-da-harpa-crista-no334\/\">ler mais &raquo;<\/a><\/p>\n","protected":false},"author":1,"featured_media":0,"comment_status":"open","ping_status":"open","sticky":false,"template":"","format":"standard","meta":{"footnotes":""},"categories":[3222],"tags":[3217,1505,3219],"class_list":["post-10859","post","type-post","status-publish","format-standard","hentry","category-301-a-400","tag-crista","tag-harpa","tag-harpa-crista"],"_links":{"self":[{"href":"https:\/\/umsocorpo.com.br\/harpa-crista\/wp-json\/wp\/v2\/posts\/10859","targetHints":{"allow":["GET"]}}],"collection":[{"href":"https:\/\/umsocorpo.com.br\/harpa-crista\/wp-json\/wp\/v2\/posts"}],"about":[{"href":"https:\/\/umsocorpo.com.br\/harpa-crista\/wp-json\/wp\/v2\/types\/post"}],"author":[{"embeddable":true,"href":"https:\/\/umsocorpo.com.br\/harpa-crista\/wp-json\/wp\/v2\/users\/1"}],"replies":[{"embeddable":true,"href":"https:\/\/umsocorpo.com.br\/harpa-crista\/wp-json\/wp\/v2\/comments?post=10859"}],"version-history":[{"count":0,"href":"https:\/\/umsocorpo.com.br\/harpa-crista\/wp-json\/wp\/v2\/posts\/10859\/revisions"}],"wp:attachment":[{"href":"https:\/\/umsocorpo.com.br\/harpa-crista\/wp-json\/wp\/v2\/media?parent=10859"}],"wp:term":[{"taxonomy":"category","embeddable":true,"href":"https:\/\/umsocorpo.com.br\/harpa-crista\/wp-json\/wp\/v2\/categories?post=10859"},{"taxonomy":"post_tag","embeddable":true,"href":"https:\/\/umsocorpo.com.br\/harpa-crista\/wp-json\/wp\/v2\/tags?post=10859"}],"curies":[{"name":"wp","href":"https:\/\/api.w.org\/{rel}","templated":true}]}}