{"id":10855,"date":"2025-03-20T00:05:36","date_gmt":"2015-05-15T00:25:56","guid":{"rendered":"https:\/\/umsocorpo.com.br\/admin\/oracao-de-elias-hino-da-harpa-crista-no336\/"},"modified":"2025-03-21T00:16:45","modified_gmt":"2025-03-21T03:16:45","slug":"oracao-de-elias-hino-da-harpa-crista-no336","status":"publish","type":"post","link":"https:\/\/umsocorpo.com.br\/harpa-crista\/oracao-de-elias-hino-da-harpa-crista-no336\/","title":{"rendered":"Ora\u00e7\u00e3o De Elias &#8211; Hino da Harpa Crist\u00e3 N\u00ba336"},"content":{"rendered":"\n<figure class=\"wp-block-audio\"><audio controls src=\"https:\/\/umsocorpo.com.br\/harpa-crista\/admin\/wp-content\/uploads\/2025\/03\/oracao-de-elias-hino-da-harpa-crista-no-336.mp3\"><\/audio><\/figure>\n\n\n\n<p><strong>1\u00aa Estrofe<\/strong><br>\nElias no carmelo orou<br>\nCom insist\u00eancia a deus;<br>\nCurvado ao p\u00f3, com f\u00e9 clamou<br>\nPor chuva l\u00e1 dos c\u00e9us.<\/p>\n\n\n\n<p><strong>&#8211; Coro &#8211;<\/strong><br>\nChuva, manda senhor,<br>\nA chuva do santo consolador;<br>\nManda chuva forte, salvador:<br>\nNa tua lgreja faz descer<br>\nA chuva de poder.<\/p>\n\n\n\n<p><strong>2\u00aa Estrofe<\/strong><br>\nVai, servo meu, do monte olhar<br>\nSe nuvens negras v\u00eam;<br>\nPois pode agora deus mandar<br>\nA chuva a n\u00f3s tamb\u00e9m.<\/p>\n\n\n\n<p><strong>3\u00aa Estrofe<\/strong><br>\nUma nuvem surge qual u?a m\u00e3o,<br>\nNo horizonte al\u00e9m,<br>\nAo longe ouve-se um trov\u00e3o:<br>\nSim, muita chuva vem.<\/p>\n\n\n\n<p><strong>4\u00aa Estrofe<\/strong><br>\n\u00d3 crente frio, vai buscar<br>\nA deus em ora\u00e7\u00e3o,<br>\nE tua vida consagrar,<br>\nP?re receber a un\u00e7\u00e3o.<\/p>\n","protected":false},"excerpt":{"rendered":"<p>1\u00aa Estrofe Elias no carmelo orou Com insist\u00eancia a deus; Curvado ao p\u00f3, com f\u00e9 clamou Por chuva l\u00e1 dos c\u00e9us. &#8211; Coro &#8211; Chuva, manda senhor, A chuva do santo consolador; Manda chuva forte, salvador: Na tua lgreja faz descer A chuva de poder. 2\u00aa Estrofe Vai, servo meu, do monte olhar Se nuvens&#8230; <a href=\"https:\/\/umsocorpo.com.br\/harpa-crista\/oracao-de-elias-hino-da-harpa-crista-no336\/\">ler mais &raquo;<\/a><\/p>\n","protected":false},"author":1,"featured_media":0,"comment_status":"open","ping_status":"open","sticky":false,"template":"","format":"standard","meta":{"footnotes":""},"categories":[3222],"tags":[3217,1505,3219],"class_list":["post-10855","post","type-post","status-publish","format-standard","hentry","category-301-a-400","tag-crista","tag-harpa","tag-harpa-crista"],"_links":{"self":[{"href":"https:\/\/umsocorpo.com.br\/harpa-crista\/wp-json\/wp\/v2\/posts\/10855","targetHints":{"allow":["GET"]}}],"collection":[{"href":"https:\/\/umsocorpo.com.br\/harpa-crista\/wp-json\/wp\/v2\/posts"}],"about":[{"href":"https:\/\/umsocorpo.com.br\/harpa-crista\/wp-json\/wp\/v2\/types\/post"}],"author":[{"embeddable":true,"href":"https:\/\/umsocorpo.com.br\/harpa-crista\/wp-json\/wp\/v2\/users\/1"}],"replies":[{"embeddable":true,"href":"https:\/\/umsocorpo.com.br\/harpa-crista\/wp-json\/wp\/v2\/comments?post=10855"}],"version-history":[{"count":0,"href":"https:\/\/umsocorpo.com.br\/harpa-crista\/wp-json\/wp\/v2\/posts\/10855\/revisions"}],"wp:attachment":[{"href":"https:\/\/umsocorpo.com.br\/harpa-crista\/wp-json\/wp\/v2\/media?parent=10855"}],"wp:term":[{"taxonomy":"category","embeddable":true,"href":"https:\/\/umsocorpo.com.br\/harpa-crista\/wp-json\/wp\/v2\/categories?post=10855"},{"taxonomy":"post_tag","embeddable":true,"href":"https:\/\/umsocorpo.com.br\/harpa-crista\/wp-json\/wp\/v2\/tags?post=10855"}],"curies":[{"name":"wp","href":"https:\/\/api.w.org\/{rel}","templated":true}]}}