{"id":10847,"date":"2025-03-20T00:05:40","date_gmt":"2015-05-15T00:25:56","guid":{"rendered":"https:\/\/umsocorpo.com.br\/admin\/um-povo-forte-hino-da-harpa-crista-no340\/"},"modified":"2025-03-21T00:16:46","modified_gmt":"2025-03-21T03:16:46","slug":"um-povo-forte-hino-da-harpa-crista-no340","status":"publish","type":"post","link":"https:\/\/umsocorpo.com.br\/harpa-crista\/um-povo-forte-hino-da-harpa-crista-no340\/","title":{"rendered":"Um Povo Forte &#8211; Hino da Harpa Crist\u00e3 N\u00ba340"},"content":{"rendered":"\n<figure class=\"wp-block-audio\"><audio controls src=\"https:\/\/umsocorpo.com.br\/harpa-crista\/admin\/wp-content\/uploads\/2025\/03\/um-povo-forte-hino-da-harpa-crista-no-340.mp3\"><\/audio><\/figure>\n\n\n\n<p><strong>1\u00aa Estrofe<\/strong><br>\nEis que surge um povo forte,<br>\nRevestido de poder;<br>\nE n\u00e3o teme nem a morte,<br>\nQuem a ele pertencer;<br>\nE ter\u00e1 sublime sorte,<br>\nPois com cristo ao c\u00e9u vai,<br>\nPodes tu dizer tamb\u00e9m.<br>\n?sou um dos tais??<\/p>\n\n\n\n<p><strong>&#8211; Coro &#8211;<\/strong><br>\nUm dos tais. um dos tais.<br>\nPodes tu tamb\u00e9m dizer: ?sou um dos tais??<br>\nUm dos tais, um dos tais.<br>\nPodes tu tamb\u00e9m dizer: ?sou um dos tais??<\/p>\n\n\n\n<p><strong>2\u00aa Estrofe<\/strong><br>\nNo cen\u00e1c?lo reunidos,<br>\nO poder buscavam ent\u00e3o,<br>\nPelo amor de deus unidos<br>\nA clamar em ora\u00e7\u00e3o;<br>\nEis que um vento \u00e9 descido<br>\nE o fogo do c\u00e9u cai;<br>\nPodes tu dizer tamb\u00e9m:<br>\n?sou um dos tais??<\/p>\n\n\n\n<p><strong>3\u00aa Estrofe<\/strong><br>\nEste povo destemido,<br>\n(s\u00e3o os disc\u00edpulos de jesus)<br>\nPelo mundo perseguido,<br>\nPor levar a sua cruz.<br>\nE agora revestido<br>\nCom poder ao mundo sai;<br>\nPodes tu dizer tamb\u00e9m:<br>\n?sou um dos tais??<\/p>\n\n\n\n<p><strong>4\u00aa Estrofe<\/strong><br>\n\u00d3 n\u00e3o sejas descuidado<br>\nPra buscar o dom de deus,<br>\nDom que te far\u00e1 ditoso,<br>\nDar-te-\u00e1 vis\u00f5es do c\u00e9u.<br>\nE jesus maravilhoso<br>\nProclamando aos outros vais,<br>\nPoder\u00e1s ent\u00e3o dizer:<br>\n?sou um dos tais?.<\/p>\n","protected":false},"excerpt":{"rendered":"<p>1\u00aa Estrofe Eis que surge um povo forte, Revestido de poder; E n\u00e3o teme nem a morte, Quem a ele pertencer; E ter\u00e1 sublime sorte, Pois com cristo ao c\u00e9u vai, Podes tu dizer tamb\u00e9m. ?sou um dos tais?? &#8211; Coro &#8211; Um dos tais. um dos tais. Podes tu tamb\u00e9m dizer: ?sou um dos&#8230; <a href=\"https:\/\/umsocorpo.com.br\/harpa-crista\/um-povo-forte-hino-da-harpa-crista-no340\/\">ler mais &raquo;<\/a><\/p>\n","protected":false},"author":1,"featured_media":0,"comment_status":"open","ping_status":"open","sticky":false,"template":"","format":"standard","meta":{"footnotes":""},"categories":[3222],"tags":[3217,1505,3219],"class_list":["post-10847","post","type-post","status-publish","format-standard","hentry","category-301-a-400","tag-crista","tag-harpa","tag-harpa-crista"],"_links":{"self":[{"href":"https:\/\/umsocorpo.com.br\/harpa-crista\/wp-json\/wp\/v2\/posts\/10847","targetHints":{"allow":["GET"]}}],"collection":[{"href":"https:\/\/umsocorpo.com.br\/harpa-crista\/wp-json\/wp\/v2\/posts"}],"about":[{"href":"https:\/\/umsocorpo.com.br\/harpa-crista\/wp-json\/wp\/v2\/types\/post"}],"author":[{"embeddable":true,"href":"https:\/\/umsocorpo.com.br\/harpa-crista\/wp-json\/wp\/v2\/users\/1"}],"replies":[{"embeddable":true,"href":"https:\/\/umsocorpo.com.br\/harpa-crista\/wp-json\/wp\/v2\/comments?post=10847"}],"version-history":[{"count":0,"href":"https:\/\/umsocorpo.com.br\/harpa-crista\/wp-json\/wp\/v2\/posts\/10847\/revisions"}],"wp:attachment":[{"href":"https:\/\/umsocorpo.com.br\/harpa-crista\/wp-json\/wp\/v2\/media?parent=10847"}],"wp:term":[{"taxonomy":"category","embeddable":true,"href":"https:\/\/umsocorpo.com.br\/harpa-crista\/wp-json\/wp\/v2\/categories?post=10847"},{"taxonomy":"post_tag","embeddable":true,"href":"https:\/\/umsocorpo.com.br\/harpa-crista\/wp-json\/wp\/v2\/tags?post=10847"}],"curies":[{"name":"wp","href":"https:\/\/api.w.org\/{rel}","templated":true}]}}