{"id":10843,"date":"2025-03-20T00:05:42","date_gmt":"2015-05-15T00:25:56","guid":{"rendered":"https:\/\/umsocorpo.com.br\/admin\/as-cordas-do-coracao-hino-da-harpa-crista-no342\/"},"modified":"2025-03-21T00:31:40","modified_gmt":"2025-03-21T03:31:40","slug":"as-cordas-do-coracao-hino-da-harpa-crista-no342","status":"publish","type":"post","link":"https:\/\/umsocorpo.com.br\/harpa-crista\/as-cordas-do-coracao-hino-da-harpa-crista-no342\/","title":{"rendered":"As Cordas Do Cora\u00e7\u00e3o &#8211; Hino da Harpa Crist\u00e3 N\u00ba342"},"content":{"rendered":"\n<figure class=\"wp-block-audio\"><audio controls src=\"https:\/\/umsocorpo.com.br\/harpa-crista\/admin\/wp-content\/uploads\/2025\/03\/as-cordas-do-coracao-hino-da-harpa-crista-no342.mp3\"><\/audio><\/figure>\n\n\n\n<p><strong>1\u00aa Estrofe<\/strong><br>\nDo meu cora\u00e7\u00e3o vibram as cordas,<br>\nAfinadas pra o mestre louvar:<br>\nO pecado este som n\u00e3o outorga:<br>\nS\u00f3 o g\u00f3lgota as pode afinar.<\/p>\n\n\n\n<p><strong>&#8211; Coro &#8211;<\/strong><br>\nAleluia! gl\u00f3ria a deus,<br>\nQue no g\u00f3lgota a minh?alma afinou!<br>\nAleluia! gl\u00f3ria a deus,<br>\nQue no calv\u00e1rio a minh?alma afinou!<\/p>\n\n\n\n<p><strong>2\u00aa Estrofe<\/strong><br>\nTamb\u00e9m fomos no mundo afinados,<br>\nMas n\u00e3o era agrad\u00e1vel o som;<br>\nMas no g\u00f3lgota j\u00e1 transformados.<br>\nTemos nova harmonia e tom.<\/p>\n\n\n\n<p><strong>3\u00aa Estrofe<\/strong><br>\n\u00c9 jesus quem as almas afina,<br>\nO instrumento ele cuida mui bem,<br>\nCada dia o som mais refina,<br>\nT\u00e9 tocar os acordes de al\u00e9m.<\/p>\n\n\n\n<p><strong>4\u00aa Estrofe<\/strong><br>\nSe provar esta afina\u00e7\u00e3o queres.<br>\nHoje chega-te \u00e0 cruz com amor;<br>\nHarmonia ter\u00e1s se estiveres<br>\nEm jesus, o teu afinador!<\/p>\n","protected":false},"excerpt":{"rendered":"<p>1\u00aa Estrofe Do meu cora\u00e7\u00e3o vibram as cordas, Afinadas pra o mestre louvar: O pecado este som n\u00e3o outorga: S\u00f3 o g\u00f3lgota as pode afinar. &#8211; Coro &#8211; Aleluia! gl\u00f3ria a deus, Que no g\u00f3lgota a minh?alma afinou! Aleluia! gl\u00f3ria a deus, Que no calv\u00e1rio a minh?alma afinou! 2\u00aa Estrofe Tamb\u00e9m fomos no mundo afinados,&#8230; <a href=\"https:\/\/umsocorpo.com.br\/harpa-crista\/as-cordas-do-coracao-hino-da-harpa-crista-no342\/\">ler mais &raquo;<\/a><\/p>\n","protected":false},"author":1,"featured_media":0,"comment_status":"open","ping_status":"open","sticky":false,"template":"","format":"standard","meta":{"footnotes":""},"categories":[3222],"tags":[3217,1505,3219],"class_list":["post-10843","post","type-post","status-publish","format-standard","hentry","category-301-a-400","tag-crista","tag-harpa","tag-harpa-crista"],"_links":{"self":[{"href":"https:\/\/umsocorpo.com.br\/harpa-crista\/wp-json\/wp\/v2\/posts\/10843","targetHints":{"allow":["GET"]}}],"collection":[{"href":"https:\/\/umsocorpo.com.br\/harpa-crista\/wp-json\/wp\/v2\/posts"}],"about":[{"href":"https:\/\/umsocorpo.com.br\/harpa-crista\/wp-json\/wp\/v2\/types\/post"}],"author":[{"embeddable":true,"href":"https:\/\/umsocorpo.com.br\/harpa-crista\/wp-json\/wp\/v2\/users\/1"}],"replies":[{"embeddable":true,"href":"https:\/\/umsocorpo.com.br\/harpa-crista\/wp-json\/wp\/v2\/comments?post=10843"}],"version-history":[{"count":0,"href":"https:\/\/umsocorpo.com.br\/harpa-crista\/wp-json\/wp\/v2\/posts\/10843\/revisions"}],"wp:attachment":[{"href":"https:\/\/umsocorpo.com.br\/harpa-crista\/wp-json\/wp\/v2\/media?parent=10843"}],"wp:term":[{"taxonomy":"category","embeddable":true,"href":"https:\/\/umsocorpo.com.br\/harpa-crista\/wp-json\/wp\/v2\/categories?post=10843"},{"taxonomy":"post_tag","embeddable":true,"href":"https:\/\/umsocorpo.com.br\/harpa-crista\/wp-json\/wp\/v2\/tags?post=10843"}],"curies":[{"name":"wp","href":"https:\/\/api.w.org\/{rel}","templated":true}]}}