{"id":10841,"date":"2025-03-20T00:05:43","date_gmt":"2015-05-15T00:25:56","guid":{"rendered":"https:\/\/umsocorpo.com.br\/admin\/abre-o-coracao-hino-da-harpa-crista-no343\/"},"modified":"2025-03-21T00:31:40","modified_gmt":"2025-03-21T03:31:40","slug":"abre-o-coracao-hino-da-harpa-crista-no343","status":"publish","type":"post","link":"https:\/\/umsocorpo.com.br\/harpa-crista\/abre-o-coracao-hino-da-harpa-crista-no343\/","title":{"rendered":"Abre O Cora\u00e7\u00e3o &#8211; Hino da Harpa Crist\u00e3 N\u00ba343"},"content":{"rendered":"\n<figure class=\"wp-block-audio\"><audio controls src=\"https:\/\/umsocorpo.com.br\/harpa-crista\/admin\/wp-content\/uploads\/2025\/03\/abre-o-coracao-hino-da-harpa-crista-no343.mp3\"><\/audio><\/figure>\n\n\n\n<p><strong>1\u00aa Estrofe<\/strong><br>\n\u00d3 pecador que n\u00e3o tens luz.<br>\nAbre o cora\u00e7\u00e3o;<br>\nAceita hoje o bom jesus;<br>\nAbre o cora\u00e7\u00e3o!<\/p>\n\n\n\n<p><strong>&#8211; Coro &#8211;<\/strong><br>\nQuem sinto bater no meu cora\u00e7\u00e3o?<br>\nJesus diz: ?abre sem tardar o teu cora\u00e7\u00e3o?.<\/p>\n\n\n\n<p><strong>2\u00aa Estrofe<\/strong><br>\nTu que almejas salvo ser.<br>\nAbre o cora\u00e7\u00e3o;<br>\nA paz de deus vem obter,<br>\nAbre o cora\u00e7\u00e3o!<\/p>\n\n\n\n<p><strong>3\u00aa Estrofe<\/strong><br>\nQue meiga voz escutas j\u00e1!<br>\nAbre o cora\u00e7\u00e3o;<br>\nJesus tua alma salvar\u00e1,<br>\nAbre o cora\u00e7\u00e3o!<\/p>\n\n\n\n<p><strong>4\u00aa Estrofe<\/strong><br>\nSim, hoje vem em cristo crer<br>\nAbre o cora\u00e7\u00e3o;<br>\nNo amanh\u00e3 que vai haver?<br>\nAbre o cora\u00e7\u00e3o!<\/p>\n\n\n\n<p><strong>5\u00aa Estrofe<\/strong><br>\nOuvindo a voz do bom jesus,<br>\nAbre o cora\u00e7\u00e3o;<br>\n\u00d3 vem depressa, vem pra luz,<br>\nAbre o cora\u00e7\u00e3o!<\/p>\n","protected":false},"excerpt":{"rendered":"<p>1\u00aa Estrofe \u00d3 pecador que n\u00e3o tens luz. Abre o cora\u00e7\u00e3o; Aceita hoje o bom jesus; Abre o cora\u00e7\u00e3o! &#8211; Coro &#8211; Quem sinto bater no meu cora\u00e7\u00e3o? Jesus diz: ?abre sem tardar o teu cora\u00e7\u00e3o?. 2\u00aa Estrofe Tu que almejas salvo ser. Abre o cora\u00e7\u00e3o; A paz de deus vem obter, Abre o cora\u00e7\u00e3o!&#8230; <a href=\"https:\/\/umsocorpo.com.br\/harpa-crista\/abre-o-coracao-hino-da-harpa-crista-no343\/\">ler mais &raquo;<\/a><\/p>\n","protected":false},"author":1,"featured_media":0,"comment_status":"open","ping_status":"open","sticky":false,"template":"","format":"standard","meta":{"footnotes":""},"categories":[3222],"tags":[3217,1505,3219],"class_list":["post-10841","post","type-post","status-publish","format-standard","hentry","category-301-a-400","tag-crista","tag-harpa","tag-harpa-crista"],"_links":{"self":[{"href":"https:\/\/umsocorpo.com.br\/harpa-crista\/wp-json\/wp\/v2\/posts\/10841","targetHints":{"allow":["GET"]}}],"collection":[{"href":"https:\/\/umsocorpo.com.br\/harpa-crista\/wp-json\/wp\/v2\/posts"}],"about":[{"href":"https:\/\/umsocorpo.com.br\/harpa-crista\/wp-json\/wp\/v2\/types\/post"}],"author":[{"embeddable":true,"href":"https:\/\/umsocorpo.com.br\/harpa-crista\/wp-json\/wp\/v2\/users\/1"}],"replies":[{"embeddable":true,"href":"https:\/\/umsocorpo.com.br\/harpa-crista\/wp-json\/wp\/v2\/comments?post=10841"}],"version-history":[{"count":0,"href":"https:\/\/umsocorpo.com.br\/harpa-crista\/wp-json\/wp\/v2\/posts\/10841\/revisions"}],"wp:attachment":[{"href":"https:\/\/umsocorpo.com.br\/harpa-crista\/wp-json\/wp\/v2\/media?parent=10841"}],"wp:term":[{"taxonomy":"category","embeddable":true,"href":"https:\/\/umsocorpo.com.br\/harpa-crista\/wp-json\/wp\/v2\/categories?post=10841"},{"taxonomy":"post_tag","embeddable":true,"href":"https:\/\/umsocorpo.com.br\/harpa-crista\/wp-json\/wp\/v2\/tags?post=10841"}],"curies":[{"name":"wp","href":"https:\/\/api.w.org\/{rel}","templated":true}]}}