{"id":10835,"date":"2025-03-20T00:05:46","date_gmt":"2015-05-15T00:25:56","guid":{"rendered":"https:\/\/umsocorpo.com.br\/admin\/e-meu-o-ceu-hino-da-harpa-crista-no346\/"},"modified":"2025-03-21T00:31:41","modified_gmt":"2025-03-21T03:31:41","slug":"e-meu-o-ceu-hino-da-harpa-crista-no346","status":"publish","type":"post","link":"https:\/\/umsocorpo.com.br\/harpa-crista\/e-meu-o-ceu-hino-da-harpa-crista-no346\/","title":{"rendered":"\u00c9 Meu O C\u00e9u &#8211; Hino da Harpa Crist\u00e3 N\u00ba346"},"content":{"rendered":"\n<figure class=\"wp-block-audio\"><audio controls src=\"https:\/\/umsocorpo.com.br\/harpa-crista\/admin\/wp-content\/uploads\/2025\/03\/e-meu-o-ceu-hino-da-harpa-crista-no346.mp3\"><\/audio><\/figure>\n\n\n\n<p><strong>1\u00aa Estrofe<\/strong><br>\nQue alegria agora, \u00e9 meu o c\u00e9u,<br>\nPois jesus rasgou o sagrado v\u00e9u;<br>\nA condena\u00e7\u00e3o n\u00e3o mais temerei,<br>\nE meu redentor sempre louvarei.<\/p>\n\n\n\n<p><strong>&#8211; Coro &#8211;<\/strong><br>\nL\u00e1 no c\u00e9u eu descansarei<br>\nCom jesus, o nosso rei;<br>\nVem a deus, \u00f3 pecador,<br>\nPois no c\u00e9u te espera com amor.<\/p>\n\n\n\n<p><strong>2\u00aa Estrofe<\/strong><br>\nPelo mundo eu solit\u00e1rio andei,<br>\nFora de sodoma o c\u00e9u avistei,<br>\nPois olhei pra cima, pra meu jesus,<br>\nQue por mim morreu na sangrenta cruz.<\/p>\n\n\n\n<p><strong>3\u00aa Estrofe<\/strong><br>\nEu sou um soldado pra combater.<br>\nE com deus irei todo o mal vencer;<br>\nA bandeira \u00e9 o sangue de jesus,<br>\nQue por mim vertido foi l\u00e1 na cruz.<\/p>\n\n\n\n<p><strong>4\u00aa Estrofe<\/strong><br>\nQuando um dia eu venha a perecer,<br>\nSim, meu cora\u00e7\u00e3o cesse de bater,<br>\nSubirei ao c\u00e9u, sem nenhum temor,<br>\nDescansado nos bra\u00e7os do senhor.<\/p>\n\n\n\n<p><strong>5\u00aa Estrofe<\/strong><br>\nAnte o trono alegre eu estarei,<br>\nE com deus irei todo o mal vencer;<br>\nHei de ver as palmas da multid\u00e3o<br>\nQue aleluias \u00e0 deus, sempre cantar\u00e3o.<\/p>\n","protected":false},"excerpt":{"rendered":"<p>1\u00aa Estrofe Que alegria agora, \u00e9 meu o c\u00e9u, Pois jesus rasgou o sagrado v\u00e9u; A condena\u00e7\u00e3o n\u00e3o mais temerei, E meu redentor sempre louvarei. &#8211; Coro &#8211; L\u00e1 no c\u00e9u eu descansarei Com jesus, o nosso rei; Vem a deus, \u00f3 pecador, Pois no c\u00e9u te espera com amor. 2\u00aa Estrofe Pelo mundo eu&#8230; <a href=\"https:\/\/umsocorpo.com.br\/harpa-crista\/e-meu-o-ceu-hino-da-harpa-crista-no346\/\">ler mais &raquo;<\/a><\/p>\n","protected":false},"author":1,"featured_media":0,"comment_status":"open","ping_status":"open","sticky":false,"template":"","format":"standard","meta":{"footnotes":""},"categories":[3222],"tags":[3217,1505,3219],"class_list":["post-10835","post","type-post","status-publish","format-standard","hentry","category-301-a-400","tag-crista","tag-harpa","tag-harpa-crista"],"_links":{"self":[{"href":"https:\/\/umsocorpo.com.br\/harpa-crista\/wp-json\/wp\/v2\/posts\/10835","targetHints":{"allow":["GET"]}}],"collection":[{"href":"https:\/\/umsocorpo.com.br\/harpa-crista\/wp-json\/wp\/v2\/posts"}],"about":[{"href":"https:\/\/umsocorpo.com.br\/harpa-crista\/wp-json\/wp\/v2\/types\/post"}],"author":[{"embeddable":true,"href":"https:\/\/umsocorpo.com.br\/harpa-crista\/wp-json\/wp\/v2\/users\/1"}],"replies":[{"embeddable":true,"href":"https:\/\/umsocorpo.com.br\/harpa-crista\/wp-json\/wp\/v2\/comments?post=10835"}],"version-history":[{"count":0,"href":"https:\/\/umsocorpo.com.br\/harpa-crista\/wp-json\/wp\/v2\/posts\/10835\/revisions"}],"wp:attachment":[{"href":"https:\/\/umsocorpo.com.br\/harpa-crista\/wp-json\/wp\/v2\/media?parent=10835"}],"wp:term":[{"taxonomy":"category","embeddable":true,"href":"https:\/\/umsocorpo.com.br\/harpa-crista\/wp-json\/wp\/v2\/categories?post=10835"},{"taxonomy":"post_tag","embeddable":true,"href":"https:\/\/umsocorpo.com.br\/harpa-crista\/wp-json\/wp\/v2\/tags?post=10835"}],"curies":[{"name":"wp","href":"https:\/\/api.w.org\/{rel}","templated":true}]}}