{"id":10821,"date":"2025-03-20T00:05:53","date_gmt":"2015-05-15T00:25:55","guid":{"rendered":"https:\/\/umsocorpo.com.br\/admin\/vem-o-prodigo-hino-da-harpa-crista-no353\/"},"modified":"2025-03-21T00:31:43","modified_gmt":"2025-03-21T03:31:43","slug":"vem-o-prodigo-hino-da-harpa-crista-no353","status":"publish","type":"post","link":"https:\/\/umsocorpo.com.br\/harpa-crista\/vem-o-prodigo-hino-da-harpa-crista-no353\/","title":{"rendered":"Vem, \u00f3 Pr\u00f3digo &#8211; Hino da Harpa Crist\u00e3 N\u00ba353"},"content":{"rendered":"\n<figure class=\"wp-block-audio\"><audio controls src=\"https:\/\/umsocorpo.com.br\/harpa-crista\/admin\/wp-content\/uploads\/2025\/03\/vem-o-prodigo-hino-da-harpa-crista-no-353.mp3\"><\/audio><\/figure>\n\n\n\n<p><strong>1\u00aa Estrofe<\/strong><br>\n\u00d3 tu qu?inda vagas no mundo d?horror,<br>\nNas trevas e na escurid\u00e3o,<br>\nPor que n\u00e3o descansas em cristo, o senhor,<br>\nQue trouxe do c\u00e9u salva\u00e7\u00e3o.<\/p>\n\n\n\n<p><strong>&#8211; Coro &#8211;<\/strong><br>\n\u00d3 vem, \u00f3 pr\u00f3digo, \u00f3 vem a jesus;<br>\nParti foi erguido no alto da cruz;<br>\nAceita agora de deus o favor;<br>\nO vem, sem demora a cristo, o senhor.<\/p>\n\n\n\n<p><strong>2\u00aa Estrofe<\/strong><br>\nO mundo jazia na dura pris\u00e3o,<br>\nMas cristo, a porta abriu;<br>\n\u00d3 cr\u00ea na mensagem que d\u00e1 salva\u00e7\u00e3o,<br>\nPois cristo na cruz te remiu!<\/p>\n\n\n\n<p><strong>3\u00aa Estrofe<\/strong><br>\nQue gozo completo ter\u00e1s em jesus,<br>\nSe aceitares o seu perd\u00e3o;<br>\n\u00d3 deixa o pecado e vem para a luz;<br>\nEntrega o teu cora\u00e7\u00e3o.<\/p>\n","protected":false},"excerpt":{"rendered":"<p>1\u00aa Estrofe \u00d3 tu qu?inda vagas no mundo d?horror, Nas trevas e na escurid\u00e3o, Por que n\u00e3o descansas em cristo, o senhor, Que trouxe do c\u00e9u salva\u00e7\u00e3o. &#8211; Coro &#8211; \u00d3 vem, \u00f3 pr\u00f3digo, \u00f3 vem a jesus; Parti foi erguido no alto da cruz; Aceita agora de deus o favor; O vem, sem demora&#8230; <a href=\"https:\/\/umsocorpo.com.br\/harpa-crista\/vem-o-prodigo-hino-da-harpa-crista-no353\/\">ler mais &raquo;<\/a><\/p>\n","protected":false},"author":1,"featured_media":0,"comment_status":"open","ping_status":"open","sticky":false,"template":"","format":"standard","meta":{"footnotes":""},"categories":[3222],"tags":[3217,1505,3219],"class_list":["post-10821","post","type-post","status-publish","format-standard","hentry","category-301-a-400","tag-crista","tag-harpa","tag-harpa-crista"],"_links":{"self":[{"href":"https:\/\/umsocorpo.com.br\/harpa-crista\/wp-json\/wp\/v2\/posts\/10821","targetHints":{"allow":["GET"]}}],"collection":[{"href":"https:\/\/umsocorpo.com.br\/harpa-crista\/wp-json\/wp\/v2\/posts"}],"about":[{"href":"https:\/\/umsocorpo.com.br\/harpa-crista\/wp-json\/wp\/v2\/types\/post"}],"author":[{"embeddable":true,"href":"https:\/\/umsocorpo.com.br\/harpa-crista\/wp-json\/wp\/v2\/users\/1"}],"replies":[{"embeddable":true,"href":"https:\/\/umsocorpo.com.br\/harpa-crista\/wp-json\/wp\/v2\/comments?post=10821"}],"version-history":[{"count":0,"href":"https:\/\/umsocorpo.com.br\/harpa-crista\/wp-json\/wp\/v2\/posts\/10821\/revisions"}],"wp:attachment":[{"href":"https:\/\/umsocorpo.com.br\/harpa-crista\/wp-json\/wp\/v2\/media?parent=10821"}],"wp:term":[{"taxonomy":"category","embeddable":true,"href":"https:\/\/umsocorpo.com.br\/harpa-crista\/wp-json\/wp\/v2\/categories?post=10821"},{"taxonomy":"post_tag","embeddable":true,"href":"https:\/\/umsocorpo.com.br\/harpa-crista\/wp-json\/wp\/v2\/tags?post=10821"}],"curies":[{"name":"wp","href":"https:\/\/api.w.org\/{rel}","templated":true}]}}