{"id":10813,"date":"2025-03-20T00:05:57","date_gmt":"2015-05-15T00:25:55","guid":{"rendered":"https:\/\/umsocorpo.com.br\/admin\/o-fim-das-lutas-hino-da-harpa-crista-no357\/"},"modified":"2025-03-21T00:31:44","modified_gmt":"2025-03-21T03:31:44","slug":"o-fim-das-lutas-hino-da-harpa-crista-no357","status":"publish","type":"post","link":"https:\/\/umsocorpo.com.br\/harpa-crista\/o-fim-das-lutas-hino-da-harpa-crista-no357\/","title":{"rendered":"O Fim Das Lutas &#8211; Hino da Harpa Crist\u00e3 N\u00ba357"},"content":{"rendered":"\n<figure class=\"wp-block-audio\"><audio controls src=\"https:\/\/umsocorpo.com.br\/harpa-crista\/admin\/wp-content\/uploads\/2025\/03\/o-fim-das-lutas-hino-da-harpa-crista-no357.mp3\"><\/audio><\/figure>\n\n\n\n<p><strong>1\u00aa Estrofe<\/strong><br>\nQuando esta vida de lutas cessar,<br>\nVou para o c\u00e9u meu descanso gozar<br>\nCom meu jesus, l\u00e1 na gl\u00f3ria sem fim;<br>\nOh! que ventura ser\u00e1 para mim!<\/p>\n\n\n\n<p><strong>&#8211; Coro &#8211;<\/strong><br>\nOh! que prazer! gl\u00f3ria a jesus!<br>\nEu hei de ver no c\u00e9u de luz;<br>\nNunca morrer, a jesus sempre ver,<br>\nOh! ser\u00e1 gozo eterno, pra mim!<\/p>\n\n\n\n<p><strong>2\u00aa Estrofe<\/strong><br>\nPenso na paz e no grande amor,<br>\nDo lar celeste do meu salvador;<br>\nEm ver seu rosto, em sorrir tamb\u00e9m,<br>\nNa grande gl\u00f3ria do dia que vem.<\/p>\n\n\n\n<p><strong>3\u00aa Estrofe<\/strong><br>\nPais e amigos, irm\u00e3os, h\u00e3o de estar<br>\nNo santo rio, de gozo a cantar,<br>\nSempre alegres, louvando ao senhor,<br>\nGozando b\u00ean\u00e7\u00e3os do seu criador.<\/p>\n","protected":false},"excerpt":{"rendered":"<p>1\u00aa Estrofe Quando esta vida de lutas cessar, Vou para o c\u00e9u meu descanso gozar Com meu jesus, l\u00e1 na gl\u00f3ria sem fim; Oh! que ventura ser\u00e1 para mim! &#8211; Coro &#8211; Oh! que prazer! gl\u00f3ria a jesus! Eu hei de ver no c\u00e9u de luz; Nunca morrer, a jesus sempre ver, Oh! ser\u00e1 gozo&#8230; <a href=\"https:\/\/umsocorpo.com.br\/harpa-crista\/o-fim-das-lutas-hino-da-harpa-crista-no357\/\">ler mais &raquo;<\/a><\/p>\n","protected":false},"author":1,"featured_media":0,"comment_status":"open","ping_status":"open","sticky":false,"template":"","format":"standard","meta":{"footnotes":""},"categories":[3222],"tags":[3217,1505,3219],"class_list":["post-10813","post","type-post","status-publish","format-standard","hentry","category-301-a-400","tag-crista","tag-harpa","tag-harpa-crista"],"_links":{"self":[{"href":"https:\/\/umsocorpo.com.br\/harpa-crista\/wp-json\/wp\/v2\/posts\/10813","targetHints":{"allow":["GET"]}}],"collection":[{"href":"https:\/\/umsocorpo.com.br\/harpa-crista\/wp-json\/wp\/v2\/posts"}],"about":[{"href":"https:\/\/umsocorpo.com.br\/harpa-crista\/wp-json\/wp\/v2\/types\/post"}],"author":[{"embeddable":true,"href":"https:\/\/umsocorpo.com.br\/harpa-crista\/wp-json\/wp\/v2\/users\/1"}],"replies":[{"embeddable":true,"href":"https:\/\/umsocorpo.com.br\/harpa-crista\/wp-json\/wp\/v2\/comments?post=10813"}],"version-history":[{"count":0,"href":"https:\/\/umsocorpo.com.br\/harpa-crista\/wp-json\/wp\/v2\/posts\/10813\/revisions"}],"wp:attachment":[{"href":"https:\/\/umsocorpo.com.br\/harpa-crista\/wp-json\/wp\/v2\/media?parent=10813"}],"wp:term":[{"taxonomy":"category","embeddable":true,"href":"https:\/\/umsocorpo.com.br\/harpa-crista\/wp-json\/wp\/v2\/categories?post=10813"},{"taxonomy":"post_tag","embeddable":true,"href":"https:\/\/umsocorpo.com.br\/harpa-crista\/wp-json\/wp\/v2\/tags?post=10813"}],"curies":[{"name":"wp","href":"https:\/\/api.w.org\/{rel}","templated":true}]}}