{"id":10805,"date":"2025-03-20T00:06:01","date_gmt":"2015-05-15T00:25:54","guid":{"rendered":"https:\/\/umsocorpo.com.br\/admin\/o-peregrino-e-a-gloria-hino-da-harpa-crista-no361\/"},"modified":"2025-03-21T00:38:47","modified_gmt":"2025-03-21T03:38:47","slug":"o-peregrino-e-a-gloria-hino-da-harpa-crista-no361","status":"publish","type":"post","link":"https:\/\/umsocorpo.com.br\/harpa-crista\/o-peregrino-e-a-gloria-hino-da-harpa-crista-no361\/","title":{"rendered":"O Peregrino E A Gl\u00f3ria &#8211; Hino da Harpa Crist\u00e3 N\u00ba361"},"content":{"rendered":"\n<figure class=\"wp-block-audio\"><audio controls src=\"https:\/\/umsocorpo.com.br\/harpa-crista\/admin\/wp-content\/uploads\/2025\/03\/o-peregrino-e-a-gloria-hino-da-harpa-crista-no361.mp3\"><\/audio><\/figure>\n\n\n\n<p><strong>1\u00aa Estrofe<\/strong><br>\nPeregrino segue para a gl\u00f3ria,<br>\nPois no c\u00e9u em breve entrar\u00e1s!<br>\nOuves j\u00e1 os cantos de vit\u00f3ria?<br>\nTua voz tamb\u00e9m l\u00e1 unir\u00e1s.<\/p>\n\n\n\n<p><strong>&#8211; Coro &#8211;<\/strong><br>\nSim, queres entoar<br>\nO c\u00e2ntico dos salvos, l\u00e1 na gl\u00f3ria,<br>\nQue nos c\u00e9us h\u00e1 de sempre soar?<br>\nSim, queres tu cantar,<br>\nOs gloriosos hinos de vit\u00f3ria?<br>\nA jesus mil louvores entoar?<\/p>\n\n\n\n<p><strong>2\u00aa Estrofe<\/strong><br>\nVem do c\u00e9u um som de alegria,<br>\nNa escura noite te chamar,<br>\nMui suave e cheio de harmonia.<br>\n&#8211; \u00f3 minh?alma. volta pra teu lar!<\/p>\n\n\n\n<p><strong>3\u00aa Estrofe<\/strong><br>\nRaios \u00faltimos do sol se escondem,<br>\nNa dourada porta de si\u00e3o;<br>\nTerminada a luta estarei onde<br>\nAs saudades n\u00e3o mais chegar\u00e3o.<\/p>\n\n\n\n<p><strong>4\u00aa Estrofe<\/strong><br>\nDe jesus, o sangue, d\u00e1 entrada;<br>\nGl\u00f3ria a deus, a porta aberta est\u00e1!<br>\nQueres tu no c\u00e9u feliz morada?<br>\nPois ser\u00e1 mui triste n\u00e3o ir l\u00e1.<\/p>\n","protected":false},"excerpt":{"rendered":"<p>1\u00aa Estrofe Peregrino segue para a gl\u00f3ria, Pois no c\u00e9u em breve entrar\u00e1s! Ouves j\u00e1 os cantos de vit\u00f3ria? Tua voz tamb\u00e9m l\u00e1 unir\u00e1s. &#8211; Coro &#8211; Sim, queres entoar O c\u00e2ntico dos salvos, l\u00e1 na gl\u00f3ria, Que nos c\u00e9us h\u00e1 de sempre soar? Sim, queres tu cantar, Os gloriosos hinos de vit\u00f3ria? A jesus&#8230; <a href=\"https:\/\/umsocorpo.com.br\/harpa-crista\/o-peregrino-e-a-gloria-hino-da-harpa-crista-no361\/\">ler mais &raquo;<\/a><\/p>\n","protected":false},"author":1,"featured_media":0,"comment_status":"open","ping_status":"open","sticky":false,"template":"","format":"standard","meta":{"footnotes":""},"categories":[3222],"tags":[3217,1505,3219],"class_list":["post-10805","post","type-post","status-publish","format-standard","hentry","category-301-a-400","tag-crista","tag-harpa","tag-harpa-crista"],"_links":{"self":[{"href":"https:\/\/umsocorpo.com.br\/harpa-crista\/wp-json\/wp\/v2\/posts\/10805","targetHints":{"allow":["GET"]}}],"collection":[{"href":"https:\/\/umsocorpo.com.br\/harpa-crista\/wp-json\/wp\/v2\/posts"}],"about":[{"href":"https:\/\/umsocorpo.com.br\/harpa-crista\/wp-json\/wp\/v2\/types\/post"}],"author":[{"embeddable":true,"href":"https:\/\/umsocorpo.com.br\/harpa-crista\/wp-json\/wp\/v2\/users\/1"}],"replies":[{"embeddable":true,"href":"https:\/\/umsocorpo.com.br\/harpa-crista\/wp-json\/wp\/v2\/comments?post=10805"}],"version-history":[{"count":0,"href":"https:\/\/umsocorpo.com.br\/harpa-crista\/wp-json\/wp\/v2\/posts\/10805\/revisions"}],"wp:attachment":[{"href":"https:\/\/umsocorpo.com.br\/harpa-crista\/wp-json\/wp\/v2\/media?parent=10805"}],"wp:term":[{"taxonomy":"category","embeddable":true,"href":"https:\/\/umsocorpo.com.br\/harpa-crista\/wp-json\/wp\/v2\/categories?post=10805"},{"taxonomy":"post_tag","embeddable":true,"href":"https:\/\/umsocorpo.com.br\/harpa-crista\/wp-json\/wp\/v2\/tags?post=10805"}],"curies":[{"name":"wp","href":"https:\/\/api.w.org\/{rel}","templated":true}]}}