{"id":10789,"date":"2025-03-20T00:06:09","date_gmt":"2015-05-15T00:25:54","guid":{"rendered":"https:\/\/umsocorpo.com.br\/admin\/sob-as-asas-de-deus-hino-da-harpa-crista-no369\/"},"modified":"2025-03-21T00:38:49","modified_gmt":"2025-03-21T03:38:49","slug":"sob-as-asas-de-deus-hino-da-harpa-crista-no369","status":"publish","type":"post","link":"https:\/\/umsocorpo.com.br\/harpa-crista\/sob-as-asas-de-deus-hino-da-harpa-crista-no369\/","title":{"rendered":"Sob As Asas De Deus &#8211; Hino da Harpa Crist\u00e3 N\u00ba369"},"content":{"rendered":"\n<figure class=\"wp-block-audio\"><audio controls src=\"https:\/\/umsocorpo.com.br\/harpa-crista\/admin\/wp-content\/uploads\/2025\/03\/sob-as-asas-de-deus-hino-da-harpa-crista-no369.mp3\"><\/audio><\/figure>\n\n\n\n<p><strong>1\u00aa Estrofe<\/strong><br>\nSob as asas de deus, descansado.<br>\nInda que \u00e9 noite confiando estou;<br>\nSob suas asas me acho abrigado.<br>\nFui redimido, de cristo eu sou.<\/p>\n\n\n\n<p><strong>&#8211; Coro &#8211;<\/strong><br>\nDescansarei, descansarei,<br>\nSob suas asas preciosas!<br>\nDescansarei, e n\u00e3o temerei.<br>\nSob asas t\u00e3o poderosas!<\/p>\n\n\n\n<p><strong>2\u00aa Estrofe<\/strong><br>\nSob suas asas ref\u00fagio eu tenho,<br>\nMeu cora\u00e7\u00e3o pode, ent\u00e3o, descansar;<br>\nE se aflito, a cristo eu venho,<br>\nPerfeito gozo vou nele encontrar.<\/p>\n\n\n\n<p><strong>3\u00aa Estrofe<\/strong><br>\nSob suas asas, promessa preciosa!<br>\nCristo me livra, me pode guardar;<br>\nBem protegido, nas asas gloriosas.<br>\nPaz e alegria eu posso achar.<\/p>\n","protected":false},"excerpt":{"rendered":"<p>1\u00aa Estrofe Sob as asas de deus, descansado. Inda que \u00e9 noite confiando estou; Sob suas asas me acho abrigado. Fui redimido, de cristo eu sou. &#8211; Coro &#8211; Descansarei, descansarei, Sob suas asas preciosas! Descansarei, e n\u00e3o temerei. Sob asas t\u00e3o poderosas! 2\u00aa Estrofe Sob suas asas ref\u00fagio eu tenho, Meu cora\u00e7\u00e3o pode, ent\u00e3o,&#8230; <a href=\"https:\/\/umsocorpo.com.br\/harpa-crista\/sob-as-asas-de-deus-hino-da-harpa-crista-no369\/\">ler mais &raquo;<\/a><\/p>\n","protected":false},"author":1,"featured_media":0,"comment_status":"open","ping_status":"open","sticky":false,"template":"","format":"standard","meta":{"footnotes":""},"categories":[3222],"tags":[3217,1505,3219],"class_list":["post-10789","post","type-post","status-publish","format-standard","hentry","category-301-a-400","tag-crista","tag-harpa","tag-harpa-crista"],"_links":{"self":[{"href":"https:\/\/umsocorpo.com.br\/harpa-crista\/wp-json\/wp\/v2\/posts\/10789","targetHints":{"allow":["GET"]}}],"collection":[{"href":"https:\/\/umsocorpo.com.br\/harpa-crista\/wp-json\/wp\/v2\/posts"}],"about":[{"href":"https:\/\/umsocorpo.com.br\/harpa-crista\/wp-json\/wp\/v2\/types\/post"}],"author":[{"embeddable":true,"href":"https:\/\/umsocorpo.com.br\/harpa-crista\/wp-json\/wp\/v2\/users\/1"}],"replies":[{"embeddable":true,"href":"https:\/\/umsocorpo.com.br\/harpa-crista\/wp-json\/wp\/v2\/comments?post=10789"}],"version-history":[{"count":0,"href":"https:\/\/umsocorpo.com.br\/harpa-crista\/wp-json\/wp\/v2\/posts\/10789\/revisions"}],"wp:attachment":[{"href":"https:\/\/umsocorpo.com.br\/harpa-crista\/wp-json\/wp\/v2\/media?parent=10789"}],"wp:term":[{"taxonomy":"category","embeddable":true,"href":"https:\/\/umsocorpo.com.br\/harpa-crista\/wp-json\/wp\/v2\/categories?post=10789"},{"taxonomy":"post_tag","embeddable":true,"href":"https:\/\/umsocorpo.com.br\/harpa-crista\/wp-json\/wp\/v2\/tags?post=10789"}],"curies":[{"name":"wp","href":"https:\/\/api.w.org\/{rel}","templated":true}]}}