{"id":10767,"date":"2025-03-20T00:06:20","date_gmt":"2015-05-15T00:25:53","guid":{"rendered":"https:\/\/umsocorpo.com.br\/admin\/abraao-e-seu-sacrificio-hino-da-harpa-crista-no380\/"},"modified":"2025-03-21T00:38:52","modified_gmt":"2025-03-21T03:38:52","slug":"abraao-e-seu-sacrificio-hino-da-harpa-crista-no380","status":"publish","type":"post","link":"https:\/\/umsocorpo.com.br\/harpa-crista\/abraao-e-seu-sacrificio-hino-da-harpa-crista-no380\/","title":{"rendered":"Abra\u00e3o E Seu Sacrif\u00edcio &#8211; Hino da Harpa Crist\u00e3 N\u00ba380"},"content":{"rendered":"\n<figure class=\"wp-block-audio\"><audio controls src=\"https:\/\/umsocorpo.com.br\/harpa-crista\/admin\/wp-content\/uploads\/2025\/03\/abraao-e-seu-sacrificio-hino-da-harpa-crista-no380.mp3\"><\/audio><\/figure>\n\n\n\n<p><strong>1\u00aa Estrofe<\/strong><br>\nDebaixo dumas mui formosas tamareiras,<br>\nEstando j\u00e1 berseba na escurid\u00e3o.<br>\nAs aves escutando, entre as roseiras,<br>\nSe v\u00ea andar o patriarca abra\u00e3o.<br>\nSeu cora\u00e7\u00e3o perante deus est\u00e1 aflito,<br>\nPois quer que o sirvamos sem murmura\u00e7\u00e3o;<br>\nE por amor pergunta ao senhor bendito:<br>\n?o meu amado filho queres tu, ent\u00e3o??<\/p>\n\n\n\n<p><strong>2\u00aa Estrofe<\/strong><br>\nA voz de jeov\u00e1 potente \u00e9 ouvida:<br>\n?o teu isaque oferece para mim,<br>\nEmbora fiques com tu?alma dolorida,<br>\nPois te aben\u00e7oo se fizeres tu assim?.<br>\nDe abatido abra\u00e3o se torna forte<br>\nE canta hinos, pois com f\u00e9 medita j\u00e1:<br>\n?deus pode o meu filho libertar da morte!?<br>\nE n\u00e3o temendo, segue para mori\u00e1.<\/p>\n\n\n\n<p><strong>3\u00aa Estrofe<\/strong><br>\nAo p\u00e9 do monte do supremo sacrif\u00edcio,<br>\nProfunda duvida entrou em abra\u00e3o:<br>\n?irei perder da minha vida o beneficio??<br>\nE triste come\u00e7ou subir com lentid\u00e3o,<br>\nPois ia dar, do cora\u00e7\u00e3o a esperan\u00e7a<br>\n&#8211; no seu outono, sacrif\u00edcio duma flor,&amp;<br>\nAssim levou o seu cordeiro \u00e0 matan\u00e7a,<br>\nEm obedi\u00eancia ao mandato do senhor.<\/p>\n\n\n\n<p><strong>4\u00aa Estrofe<\/strong><br>\nIsaque com a lenha, presto vai na frente,<br>\nOh! quanto \u00e9 formoso para abra\u00e3o!<br>\nMas eis que volta pra seu pai suavemente<br>\nE lhe dirige esta interroga\u00e7\u00e3o:<br>\n?o fogo e a lenha estou vendo que trouxemos,<br>\nMas o cordeiro d?holocausto onde est\u00e1??<br>\nE a resposta de abra\u00e3o na b\u00edblia temos:<br>\n?meu filho, deus pra si, cordeiro prover\u00e1?<br>\n.<\/p>\n\n\n\n<p><strong>5\u00aa Estrofe<\/strong><br>\nChegando abra\u00e3o aonde deus mandara,<br>\nFez um altar e nele a lenha arrumou:<br>\nE a seu filho, que j\u00e1 dantes amarrara,<br>\nTomando nos seus bra\u00e7os sobre o altar deitou,<br>\nMas quando abra\u00e3o foi para imol\u00e1-lo,<br>\nO anjo do senhor bradou-lhe desde os c\u00e9us:<br>\n?a tua m\u00e3o, \u00f3 n\u00e3o estendas pra mat\u00e1-lo;<br>\nPorquanto eu agora sei que temes deus?.<\/p>\n\n\n\n<p><strong>6\u00aa Estrofe<\/strong><br>\nErguendo abra\u00e3o seus olhos de repente,<br>\nV\u00ea um cordeiro, que no mato preso est\u00e1,<br>\nE o tomando, oferece-o alegremente;<br>\nAssim ?no monte do senhor se prover\u00e1?.<br>\nA voz do anjo \u00e9 ouvida novamente;<br>\n?diz o senhor: porque fizeste esta a\u00e7\u00e3o,<br>\nDeveras, eu aben\u00e7oarei a tua semente,<br>\nE nela, as na\u00e7\u00f5es benditas se far\u00e3o?.<\/p>\n\n\n\n<p><strong>7\u00aa Estrofe<\/strong><br>\nO nosso isaque oferecemos com firmeza<br>\nNo mori\u00e1 onde finda o ideal,<br>\nPois foi ali que alcan\u00e7aram fortaleza,<br>\nOs vencedores, sob canto angelical;<br>\nAli, o nosso deus jurou fidelidade,<br>\nTamb\u00e9m os santos se encheram de valor,<br>\nE s\u00f3 teremos a perfeita santidade,<br>\nDepois que formos para o monte do senhor.<\/p>\n","protected":false},"excerpt":{"rendered":"<p>1\u00aa Estrofe Debaixo dumas mui formosas tamareiras, Estando j\u00e1 berseba na escurid\u00e3o. As aves escutando, entre as roseiras, Se v\u00ea andar o patriarca abra\u00e3o. Seu cora\u00e7\u00e3o perante deus est\u00e1 aflito, Pois quer que o sirvamos sem murmura\u00e7\u00e3o; E por amor pergunta ao senhor bendito: ?o meu amado filho queres tu, ent\u00e3o?? 2\u00aa Estrofe A voz&#8230; <a href=\"https:\/\/umsocorpo.com.br\/harpa-crista\/abraao-e-seu-sacrificio-hino-da-harpa-crista-no380\/\">ler mais &raquo;<\/a><\/p>\n","protected":false},"author":1,"featured_media":0,"comment_status":"open","ping_status":"open","sticky":false,"template":"","format":"standard","meta":{"footnotes":""},"categories":[3222],"tags":[3217,1505,3219],"class_list":["post-10767","post","type-post","status-publish","format-standard","hentry","category-301-a-400","tag-crista","tag-harpa","tag-harpa-crista"],"_links":{"self":[{"href":"https:\/\/umsocorpo.com.br\/harpa-crista\/wp-json\/wp\/v2\/posts\/10767","targetHints":{"allow":["GET"]}}],"collection":[{"href":"https:\/\/umsocorpo.com.br\/harpa-crista\/wp-json\/wp\/v2\/posts"}],"about":[{"href":"https:\/\/umsocorpo.com.br\/harpa-crista\/wp-json\/wp\/v2\/types\/post"}],"author":[{"embeddable":true,"href":"https:\/\/umsocorpo.com.br\/harpa-crista\/wp-json\/wp\/v2\/users\/1"}],"replies":[{"embeddable":true,"href":"https:\/\/umsocorpo.com.br\/harpa-crista\/wp-json\/wp\/v2\/comments?post=10767"}],"version-history":[{"count":0,"href":"https:\/\/umsocorpo.com.br\/harpa-crista\/wp-json\/wp\/v2\/posts\/10767\/revisions"}],"wp:attachment":[{"href":"https:\/\/umsocorpo.com.br\/harpa-crista\/wp-json\/wp\/v2\/media?parent=10767"}],"wp:term":[{"taxonomy":"category","embeddable":true,"href":"https:\/\/umsocorpo.com.br\/harpa-crista\/wp-json\/wp\/v2\/categories?post=10767"},{"taxonomy":"post_tag","embeddable":true,"href":"https:\/\/umsocorpo.com.br\/harpa-crista\/wp-json\/wp\/v2\/tags?post=10767"}],"curies":[{"name":"wp","href":"https:\/\/api.w.org\/{rel}","templated":true}]}}