{"id":10699,"date":"2025-03-20T00:06:54","date_gmt":"2015-05-15T00:25:50","guid":{"rendered":"https:\/\/umsocorpo.com.br\/admin\/tem-compaixao-do-pecador-hino-da-harpa-crista-no414\/"},"modified":"2025-03-21T07:58:21","modified_gmt":"2025-03-21T10:58:21","slug":"tem-compaixao-do-pecador-hino-da-harpa-crista-no414","status":"publish","type":"post","link":"https:\/\/umsocorpo.com.br\/harpa-crista\/tem-compaixao-do-pecador-hino-da-harpa-crista-no414\/","title":{"rendered":"Tem Compaix\u00e3o Do Pecador &#8211; Hino da Harpa Crist\u00e3 N\u00ba414"},"content":{"rendered":"\n<figure class=\"wp-block-audio\"><audio controls src=\"https:\/\/umsocorpo.com.br\/harpa-crista\/admin\/wp-content\/uploads\/2025\/03\/tem-compaixao-do-pecador-hino-da-harpa-crista-no414.mp3\"><\/audio><\/figure>\n\n\n\n<p><strong>1\u00aa Estrofe<\/strong><br>\n\u00d3 salvador, \u00f3 pai de amor?<br>\nTem compaix\u00e3o do pecador;<br>\nSem ser em ti n\u00e3o achar\u00e1<br>\nA salva\u00e7\u00e3o, que tu nos d\u00e1s.<\/p>\n\n\n\n<p><strong>&#8211; Coro &#8211;<\/strong><br>\nTem compaix\u00e3o, \u00f3 salvador,<br>\nTem compaix\u00e3o do pecador!<br>\n\u00d3 vem lavar seu cora\u00e7\u00e3o,<br>\n\u00d3 vem lhe dar a salva\u00e7\u00e3o!<\/p>\n\n\n\n<p><strong>2\u00aa Estrofe<\/strong><br>\nSem ser em ti n\u00e3o h\u00e1 perd\u00e3o<br>\nPra o pecador, nem salva\u00e7\u00e3o;<br>\nS\u00f3 mesmo em ti o pecador<br>\nEncontrar\u00e1 um salvador.<\/p>\n\n\n\n<p><strong>3\u00aa Estrofe<\/strong><br>\n\u00d3 rei doa reis, tem compaix\u00e3o<br>\nDo pecador na perdi\u00e7\u00e3o<br>\nSeu cora\u00e7\u00e3o, \u00f3 vem lavar<br>\nNo sangue teu purificar.<\/p>\n","protected":false},"excerpt":{"rendered":"<p>1\u00aa Estrofe \u00d3 salvador, \u00f3 pai de amor? Tem compaix\u00e3o do pecador; Sem ser em ti n\u00e3o achar\u00e1 A salva\u00e7\u00e3o, que tu nos d\u00e1s. &#8211; Coro &#8211; Tem compaix\u00e3o, \u00f3 salvador, Tem compaix\u00e3o do pecador! \u00d3 vem lavar seu cora\u00e7\u00e3o, \u00d3 vem lhe dar a salva\u00e7\u00e3o! 2\u00aa Estrofe Sem ser em ti n\u00e3o h\u00e1 perd\u00e3o&#8230; <a href=\"https:\/\/umsocorpo.com.br\/harpa-crista\/tem-compaixao-do-pecador-hino-da-harpa-crista-no414\/\">ler mais &raquo;<\/a><\/p>\n","protected":false},"author":1,"featured_media":0,"comment_status":"open","ping_status":"open","sticky":false,"template":"","format":"standard","meta":{"footnotes":""},"categories":[3225,1],"tags":[3217,1505,3219],"class_list":["post-10699","post","type-post","status-publish","format-standard","hentry","category-401-a-500","category-sem-categoria","tag-crista","tag-harpa","tag-harpa-crista"],"_links":{"self":[{"href":"https:\/\/umsocorpo.com.br\/harpa-crista\/wp-json\/wp\/v2\/posts\/10699","targetHints":{"allow":["GET"]}}],"collection":[{"href":"https:\/\/umsocorpo.com.br\/harpa-crista\/wp-json\/wp\/v2\/posts"}],"about":[{"href":"https:\/\/umsocorpo.com.br\/harpa-crista\/wp-json\/wp\/v2\/types\/post"}],"author":[{"embeddable":true,"href":"https:\/\/umsocorpo.com.br\/harpa-crista\/wp-json\/wp\/v2\/users\/1"}],"replies":[{"embeddable":true,"href":"https:\/\/umsocorpo.com.br\/harpa-crista\/wp-json\/wp\/v2\/comments?post=10699"}],"version-history":[{"count":0,"href":"https:\/\/umsocorpo.com.br\/harpa-crista\/wp-json\/wp\/v2\/posts\/10699\/revisions"}],"wp:attachment":[{"href":"https:\/\/umsocorpo.com.br\/harpa-crista\/wp-json\/wp\/v2\/media?parent=10699"}],"wp:term":[{"taxonomy":"category","embeddable":true,"href":"https:\/\/umsocorpo.com.br\/harpa-crista\/wp-json\/wp\/v2\/categories?post=10699"},{"taxonomy":"post_tag","embeddable":true,"href":"https:\/\/umsocorpo.com.br\/harpa-crista\/wp-json\/wp\/v2\/tags?post=10699"}],"curies":[{"name":"wp","href":"https:\/\/api.w.org\/{rel}","templated":true}]}}