{"id":10683,"date":"2025-03-20T00:07:02","date_gmt":"2015-05-15T00:25:50","guid":{"rendered":"https:\/\/umsocorpo.com.br\/admin\/no-ceu-nao-entra-pecado-hino-da-harpa-crista-no422\/"},"modified":"2025-03-21T08:10:08","modified_gmt":"2025-03-21T11:10:08","slug":"no-ceu-nao-entra-pecado-hino-da-harpa-crista-no422","status":"publish","type":"post","link":"https:\/\/umsocorpo.com.br\/harpa-crista\/no-ceu-nao-entra-pecado-hino-da-harpa-crista-no422\/","title":{"rendered":"No C\u00e9u N\u00e3o Entra Pecado &#8211; Hino da Harpa Crist\u00e3 N\u00ba422"},"content":{"rendered":"\n<figure class=\"wp-block-audio\"><audio controls src=\"https:\/\/umsocorpo.com.br\/harpa-crista\/admin\/wp-content\/uploads\/2025\/03\/no-ceu-nao-entra-pecado-hino-da-harpa-crista-no422.mp3\"><\/audio><\/figure>\n\n\n\n<p><strong>1\u00aa Estrofe<\/strong><br>\nNo c\u00e9u n\u00e3o entra pecado<br>\nFadiga, tristeza, nem dor;<br>\nN\u00e3o h\u00e1 cora\u00e7\u00e3o quebrantado,<br>\nPois todos s\u00e3o cheios de amor,<br>\nAs nuvens da vida terrestre<br>\nN\u00e3o podem a gl\u00f3ria ofuscar<br>\nDo reino de gozo celeste,<br>\nQue deus quis pra mim preparar!<\/p>\n\n\n\n<p><strong>&#8211; Coro &#8211;<\/strong><br>\nIrei eu pra linda cidade,<br>\nJesus me dar\u00e1 um lugar,<br>\nCo?os crentes de todas idades,<br>\nA deus hei de sempre louvar.<br>\nDo c\u00e9u tenho muitas saudades,<br>\nDas gl\u00f3rias que l\u00e1 hei de ver;<br>\nOh! que gozo vou ter,<br>\nQuando eu vir meu senhor,<br>\nRodeado de grande esplendor!<\/p>\n\n\n\n<p><strong>2\u00aa Estrofe<\/strong><br>\nPagar n\u00e3o \u00e9 necess\u00e1rio<br>\nA casa, que l\u00e1 hei de ter;<br>\nE meu eternal vestu\u00e1rio,<br>\nNo c\u00e9u, nunca vai se romper.<br>\nJamais viverei em pobreza,<br>\nAflito no meu santo lar,<br>\nAli h\u00e1 bastante riqueza,<br>\nDa qual podarei desfrutar.<\/p>\n\n\n\n<p><strong>3\u00aa Estrofe<\/strong><br>\nNo c\u00e9u o luto \u00e9 banido,<br>\nEnterros n\u00e3o h\u00e3o de passar;<br>\nSepulcros jamais s\u00e3o erguidos,<br>\nL\u00e1 mortos n\u00e3o vou encontrar.<br>\nOs velhos ser\u00e3o transformados;<br>\nMudados n\u00f3s vamos ficar.<br>\nQuais astros por deus espalhados<br>\nNo c\u00e9u, para sempre brilhar.<\/p>\n","protected":false},"excerpt":{"rendered":"<p>1\u00aa Estrofe No c\u00e9u n\u00e3o entra pecado Fadiga, tristeza, nem dor; N\u00e3o h\u00e1 cora\u00e7\u00e3o quebrantado, Pois todos s\u00e3o cheios de amor, As nuvens da vida terrestre N\u00e3o podem a gl\u00f3ria ofuscar Do reino de gozo celeste, Que deus quis pra mim preparar! &#8211; Coro &#8211; Irei eu pra linda cidade, Jesus me dar\u00e1 um lugar,&#8230; <a href=\"https:\/\/umsocorpo.com.br\/harpa-crista\/no-ceu-nao-entra-pecado-hino-da-harpa-crista-no422\/\">ler mais &raquo;<\/a><\/p>\n","protected":false},"author":1,"featured_media":0,"comment_status":"open","ping_status":"open","sticky":false,"template":"","format":"standard","meta":{"footnotes":""},"categories":[3225],"tags":[3217,1505,3219],"class_list":["post-10683","post","type-post","status-publish","format-standard","hentry","category-401-a-500","tag-crista","tag-harpa","tag-harpa-crista"],"_links":{"self":[{"href":"https:\/\/umsocorpo.com.br\/harpa-crista\/wp-json\/wp\/v2\/posts\/10683","targetHints":{"allow":["GET"]}}],"collection":[{"href":"https:\/\/umsocorpo.com.br\/harpa-crista\/wp-json\/wp\/v2\/posts"}],"about":[{"href":"https:\/\/umsocorpo.com.br\/harpa-crista\/wp-json\/wp\/v2\/types\/post"}],"author":[{"embeddable":true,"href":"https:\/\/umsocorpo.com.br\/harpa-crista\/wp-json\/wp\/v2\/users\/1"}],"replies":[{"embeddable":true,"href":"https:\/\/umsocorpo.com.br\/harpa-crista\/wp-json\/wp\/v2\/comments?post=10683"}],"version-history":[{"count":0,"href":"https:\/\/umsocorpo.com.br\/harpa-crista\/wp-json\/wp\/v2\/posts\/10683\/revisions"}],"wp:attachment":[{"href":"https:\/\/umsocorpo.com.br\/harpa-crista\/wp-json\/wp\/v2\/media?parent=10683"}],"wp:term":[{"taxonomy":"category","embeddable":true,"href":"https:\/\/umsocorpo.com.br\/harpa-crista\/wp-json\/wp\/v2\/categories?post=10683"},{"taxonomy":"post_tag","embeddable":true,"href":"https:\/\/umsocorpo.com.br\/harpa-crista\/wp-json\/wp\/v2\/tags?post=10683"}],"curies":[{"name":"wp","href":"https:\/\/api.w.org\/{rel}","templated":true}]}}