{"id":10677,"date":"2025-03-20T00:07:05","date_gmt":"2015-05-15T00:25:48","guid":{"rendered":"https:\/\/umsocorpo.com.br\/admin\/perdido-andei-hino-da-harpa-crista-no425\/"},"modified":"2025-03-21T08:10:10","modified_gmt":"2025-03-21T11:10:10","slug":"perdido-andei-hino-da-harpa-crista-no425","status":"publish","type":"post","link":"https:\/\/umsocorpo.com.br\/harpa-crista\/perdido-andei-hino-da-harpa-crista-no425\/","title":{"rendered":"Perdido Andei &#8211; Hino da Harpa Crist\u00e3 N\u00ba425"},"content":{"rendered":"\n<figure class=\"wp-block-audio\"><audio controls src=\"https:\/\/umsocorpo.com.br\/harpa-crista\/admin\/wp-content\/uploads\/2025\/03\/perdido-andei-hino-da-harpa-crista-no425.mp3\"><\/audio><\/figure>\n\n\n\n<p><strong>1\u00aa Estrofe<\/strong><br>\nPerdido neste mundo andei,<br>\nImerso em sua escurid\u00e3o;<br>\nEm v\u00e3s promessas confiei;<br>\nN\u00e3o tinha deus, nem salva\u00e7\u00e3o.<\/p>\n\n\n\n<p><strong>&#8211; Coro &#8211;<\/strong><br>\nPerdido andei, mas me salvei,<br>\nSendo guiado pela luz,<br>\nQue no calv\u00e1rio avistei<br>\nE me levou ao rei jesus!<\/p>\n\n\n\n<p><strong>2\u00aa Estrofe<\/strong><br>\nSem for\u00e7as ?stava pra viver,<br>\nSem nada mais eu esperar;<br>\nQuando uma luz eu pude ver,<br>\nQue veio me iluminar.<\/p>\n\n\n\n<p><strong>3\u00aa Estrofe<\/strong><br>\nFitei a luz e logo cri,<br>\nE muito alegre eu fiquei;<br>\nPrazer do c\u00e9u tamb\u00e9m senti;<br>\nQuando essa luz eu abracei.<\/p>\n\n\n\n<p><strong>4\u00aa Estrofe<\/strong><br>\nConfesso com satisfa\u00e7\u00e3o,<br>\nQue nessa luz me sinto bem;<br>\nA paz entrou no cora\u00e7\u00e3o,<br>\nPorque vi um abrigo al\u00e9m.<\/p>\n\n\n\n<p><strong>5\u00aa Estrofe<\/strong><br>\nNos bra\u00e7os do senhor jesus,<br>\nPrazer eu tenho em viver,<br>\nUnido \u00e0 salvadora luz,<br>\nQue cristo veio me trazer.<\/p>\n","protected":false},"excerpt":{"rendered":"<p>1\u00aa Estrofe Perdido neste mundo andei, Imerso em sua escurid\u00e3o; Em v\u00e3s promessas confiei; N\u00e3o tinha deus, nem salva\u00e7\u00e3o. &#8211; Coro &#8211; Perdido andei, mas me salvei, Sendo guiado pela luz, Que no calv\u00e1rio avistei E me levou ao rei jesus! 2\u00aa Estrofe Sem for\u00e7as ?stava pra viver, Sem nada mais eu esperar; Quando uma&#8230; <a href=\"https:\/\/umsocorpo.com.br\/harpa-crista\/perdido-andei-hino-da-harpa-crista-no425\/\">ler mais &raquo;<\/a><\/p>\n","protected":false},"author":1,"featured_media":0,"comment_status":"open","ping_status":"open","sticky":false,"template":"","format":"standard","meta":{"footnotes":""},"categories":[3225],"tags":[3217,1505,3219],"class_list":["post-10677","post","type-post","status-publish","format-standard","hentry","category-401-a-500","tag-crista","tag-harpa","tag-harpa-crista"],"_links":{"self":[{"href":"https:\/\/umsocorpo.com.br\/harpa-crista\/wp-json\/wp\/v2\/posts\/10677","targetHints":{"allow":["GET"]}}],"collection":[{"href":"https:\/\/umsocorpo.com.br\/harpa-crista\/wp-json\/wp\/v2\/posts"}],"about":[{"href":"https:\/\/umsocorpo.com.br\/harpa-crista\/wp-json\/wp\/v2\/types\/post"}],"author":[{"embeddable":true,"href":"https:\/\/umsocorpo.com.br\/harpa-crista\/wp-json\/wp\/v2\/users\/1"}],"replies":[{"embeddable":true,"href":"https:\/\/umsocorpo.com.br\/harpa-crista\/wp-json\/wp\/v2\/comments?post=10677"}],"version-history":[{"count":0,"href":"https:\/\/umsocorpo.com.br\/harpa-crista\/wp-json\/wp\/v2\/posts\/10677\/revisions"}],"wp:attachment":[{"href":"https:\/\/umsocorpo.com.br\/harpa-crista\/wp-json\/wp\/v2\/media?parent=10677"}],"wp:term":[{"taxonomy":"category","embeddable":true,"href":"https:\/\/umsocorpo.com.br\/harpa-crista\/wp-json\/wp\/v2\/categories?post=10677"},{"taxonomy":"post_tag","embeddable":true,"href":"https:\/\/umsocorpo.com.br\/harpa-crista\/wp-json\/wp\/v2\/tags?post=10677"}],"curies":[{"name":"wp","href":"https:\/\/api.w.org\/{rel}","templated":true}]}}