{"id":10671,"date":"2025-03-20T00:07:08","date_gmt":"2015-05-15T00:25:48","guid":{"rendered":"https:\/\/umsocorpo.com.br\/admin\/a-estrela-da-alva-hino-da-harpa-crista-no428\/"},"modified":"2025-03-21T08:10:12","modified_gmt":"2025-03-21T11:10:12","slug":"a-estrela-da-alva-hino-da-harpa-crista-no428","status":"publish","type":"post","link":"https:\/\/umsocorpo.com.br\/harpa-crista\/a-estrela-da-alva-hino-da-harpa-crista-no428\/","title":{"rendered":"A Estrela Da Alva &#8211; Hino da Harpa Crist\u00e3 N\u00ba428"},"content":{"rendered":"\n<figure class=\"wp-block-audio\"><audio controls src=\"https:\/\/umsocorpo.com.br\/harpa-crista\/admin\/wp-content\/uploads\/2025\/03\/a-estrela-da-alva-hino-da-harpa-crista-no428.mp3\"><\/audio><\/figure>\n\n\n\n<p><strong>1\u00aa Estrofe<\/strong><br>\nMostra-te, estrela da manh\u00e3,<br>\n\u00d3 bondoso salvador!<br>\nSem tua luz, a vida \u00e9 v\u00e3,<br>\nSem tua luz n\u00e3o temos vigor!<br>\nSem tua luz n\u00e3o temos vigor!<\/p>\n\n\n\n<p><strong>&#8211; Coro &#8211;<\/strong><br>\n\u00d3 estrela da alva, estrela que salva<br>\nA perdida alma que vaga sem ter dire\u00e7\u00e3o!<\/p>\n\n\n\n<p><strong>2\u00aa Estrofe<\/strong><br>\nCristo jesus \u00e9, do fiel,<br>\nA estrela de fulgor,<br>\nTamb\u00e9m o bom emanuel,<br>\nQue de manh\u00e3 nos enche de amor,<br>\nQue de manh\u00e3 nos enche de amor.<\/p>\n\n\n\n<p><strong>3\u00aa Estrofe<\/strong><br>\nBendita estrela dos hebreus,<br>\nQue o mundo iluminou.<br>\nE nos mandou os raios seus,<br>\nRaios d?amor, que j\u00e1 nos salvou,<br>\nRaios d?amor, que j\u00e1 nos salvou.<\/p>\n","protected":false},"excerpt":{"rendered":"<p>1\u00aa Estrofe Mostra-te, estrela da manh\u00e3, \u00d3 bondoso salvador! Sem tua luz, a vida \u00e9 v\u00e3, Sem tua luz n\u00e3o temos vigor! Sem tua luz n\u00e3o temos vigor! &#8211; Coro &#8211; \u00d3 estrela da alva, estrela que salva A perdida alma que vaga sem ter dire\u00e7\u00e3o! 2\u00aa Estrofe Cristo jesus \u00e9, do fiel, A estrela&#8230; <a href=\"https:\/\/umsocorpo.com.br\/harpa-crista\/a-estrela-da-alva-hino-da-harpa-crista-no428\/\">ler mais &raquo;<\/a><\/p>\n","protected":false},"author":1,"featured_media":0,"comment_status":"open","ping_status":"open","sticky":false,"template":"","format":"standard","meta":{"footnotes":""},"categories":[3225],"tags":[3217,1505,3219],"class_list":["post-10671","post","type-post","status-publish","format-standard","hentry","category-401-a-500","tag-crista","tag-harpa","tag-harpa-crista"],"_links":{"self":[{"href":"https:\/\/umsocorpo.com.br\/harpa-crista\/wp-json\/wp\/v2\/posts\/10671","targetHints":{"allow":["GET"]}}],"collection":[{"href":"https:\/\/umsocorpo.com.br\/harpa-crista\/wp-json\/wp\/v2\/posts"}],"about":[{"href":"https:\/\/umsocorpo.com.br\/harpa-crista\/wp-json\/wp\/v2\/types\/post"}],"author":[{"embeddable":true,"href":"https:\/\/umsocorpo.com.br\/harpa-crista\/wp-json\/wp\/v2\/users\/1"}],"replies":[{"embeddable":true,"href":"https:\/\/umsocorpo.com.br\/harpa-crista\/wp-json\/wp\/v2\/comments?post=10671"}],"version-history":[{"count":0,"href":"https:\/\/umsocorpo.com.br\/harpa-crista\/wp-json\/wp\/v2\/posts\/10671\/revisions"}],"wp:attachment":[{"href":"https:\/\/umsocorpo.com.br\/harpa-crista\/wp-json\/wp\/v2\/media?parent=10671"}],"wp:term":[{"taxonomy":"category","embeddable":true,"href":"https:\/\/umsocorpo.com.br\/harpa-crista\/wp-json\/wp\/v2\/categories?post=10671"},{"taxonomy":"post_tag","embeddable":true,"href":"https:\/\/umsocorpo.com.br\/harpa-crista\/wp-json\/wp\/v2\/tags?post=10671"}],"curies":[{"name":"wp","href":"https:\/\/api.w.org\/{rel}","templated":true}]}}