{"id":10651,"date":"2025-03-20T00:07:18","date_gmt":"2015-05-15T00:25:47","guid":{"rendered":"https:\/\/umsocorpo.com.br\/admin\/voltai-vos-para-mim-hino-da-harpa-crista-no438\/"},"modified":"2025-03-21T08:10:18","modified_gmt":"2025-03-21T11:10:18","slug":"voltai-vos-para-mim-hino-da-harpa-crista-no438","status":"publish","type":"post","link":"https:\/\/umsocorpo.com.br\/harpa-crista\/voltai-vos-para-mim-hino-da-harpa-crista-no438\/","title":{"rendered":"Voltai-vos Para Mim? &#8211; Hino da Harpa Crist\u00e3 N\u00ba438"},"content":{"rendered":"\n<figure class=\"wp-block-audio\"><audio controls src=\"https:\/\/umsocorpo.com.br\/harpa-crista\/admin\/wp-content\/uploads\/2025\/03\/voltai-vos-para-mim-hino-da-harpa-crista-no438.mp3\"><\/audio><\/figure>\n\n\n\n<p><strong>1<br>\n\u00aa Estrofe<\/strong><br>\nAssim a n\u00f3s falou jesus:<br>\nvoltai-vos pare mim,<br>\nA salva\u00e7\u00e3o. a paz, a luz,<br>\nEncontrareis enfim.<br>\n\u00d3 esperai o bom jesus,<br>\nA estrela da manh\u00e3.<br>\nPois ele ao c\u00e9u a v\u00f3s conduz;<br>\nDeixai a vida v\u00e3!<\/p>\n\n\n\n<p><strong>2<br>\n\u00aa Estrofe<\/strong><br>\nTamb\u00e9m ,jesus vos disse assim:<br>\nd\u00e1 vida, \u00e1gua sou,<br>\nE quem tem sede venha a mim.<br>\nDe gra\u00e7a o dom lhe dou.<br>\nE do seu ventre.sair\u00e3o<br>\nEm gl\u00f3ria ao salvador,<br>\nTorrentes vivas, que ser\u00e3o:<br>\nA paz, a f\u00e9, o amor!<\/p>\n\n\n\n<p><strong>3<br>\n\u00aa Estrofe<\/strong><br>\nAinda assim falou jesus<br>\nA todo o pecador:<br>\n\u00f3 vinde a mim, eu sou a luz,<br>\nQue brilha com fulgor;<br>\nE tu, que jazes, \u00f3 mortal,<br>\nNas trevas de horror,<br>\n\u00d3 vem pra luz celestial,<br>\nA cristo, o salvador!<\/p>\n\n\n\n<p><strong>4<br>\n\u00aa Estrofe<\/strong><br>\nOs que remidos dele s\u00e3o,<br>\nSeus passos v\u00e3o seguir;<br>\nA sua justi\u00e7a, e seu perd\u00e3o,<br>\nDe gra\u00e7a v\u00e3o fruir,<br>\nJesus \u00e9 tudo para mim;<br>\nO rei, e meu senhor;<br>\nOlhando, eu tenho sim,<br>\nDo c\u00e9u real vigor!<\/p>\n","protected":false},"excerpt":{"rendered":"<p>1 \u00aa Estrofe Assim a n\u00f3s falou jesus: voltai-vos pare mim, A salva\u00e7\u00e3o. a paz, a luz, Encontrareis enfim. \u00d3 esperai o bom jesus, A estrela da manh\u00e3. Pois ele ao c\u00e9u a v\u00f3s conduz; Deixai a vida v\u00e3! 2 \u00aa Estrofe Tamb\u00e9m ,jesus vos disse assim: d\u00e1 vida, \u00e1gua sou, E quem tem sede&#8230; <a href=\"https:\/\/umsocorpo.com.br\/harpa-crista\/voltai-vos-para-mim-hino-da-harpa-crista-no438\/\">ler mais &raquo;<\/a><\/p>\n","protected":false},"author":1,"featured_media":0,"comment_status":"open","ping_status":"open","sticky":false,"template":"","format":"standard","meta":{"footnotes":""},"categories":[3225],"tags":[3217,1505,3219],"class_list":["post-10651","post","type-post","status-publish","format-standard","hentry","category-401-a-500","tag-crista","tag-harpa","tag-harpa-crista"],"_links":{"self":[{"href":"https:\/\/umsocorpo.com.br\/harpa-crista\/wp-json\/wp\/v2\/posts\/10651","targetHints":{"allow":["GET"]}}],"collection":[{"href":"https:\/\/umsocorpo.com.br\/harpa-crista\/wp-json\/wp\/v2\/posts"}],"about":[{"href":"https:\/\/umsocorpo.com.br\/harpa-crista\/wp-json\/wp\/v2\/types\/post"}],"author":[{"embeddable":true,"href":"https:\/\/umsocorpo.com.br\/harpa-crista\/wp-json\/wp\/v2\/users\/1"}],"replies":[{"embeddable":true,"href":"https:\/\/umsocorpo.com.br\/harpa-crista\/wp-json\/wp\/v2\/comments?post=10651"}],"version-history":[{"count":0,"href":"https:\/\/umsocorpo.com.br\/harpa-crista\/wp-json\/wp\/v2\/posts\/10651\/revisions"}],"wp:attachment":[{"href":"https:\/\/umsocorpo.com.br\/harpa-crista\/wp-json\/wp\/v2\/media?parent=10651"}],"wp:term":[{"taxonomy":"category","embeddable":true,"href":"https:\/\/umsocorpo.com.br\/harpa-crista\/wp-json\/wp\/v2\/categories?post=10651"},{"taxonomy":"post_tag","embeddable":true,"href":"https:\/\/umsocorpo.com.br\/harpa-crista\/wp-json\/wp\/v2\/tags?post=10651"}],"curies":[{"name":"wp","href":"https:\/\/api.w.org\/{rel}","templated":true}]}}