{"id":10645,"date":"2025-03-20T00:07:21","date_gmt":"2015-05-15T00:25:47","guid":{"rendered":"https:\/\/umsocorpo.com.br\/admin\/a-chuva-do-consolador-hino-da-harpa-crista-no441\/"},"modified":"2025-03-21T08:23:17","modified_gmt":"2025-03-21T11:23:17","slug":"a-chuva-do-consolador-hino-da-harpa-crista-no441","status":"publish","type":"post","link":"https:\/\/umsocorpo.com.br\/harpa-crista\/a-chuva-do-consolador-hino-da-harpa-crista-no441\/","title":{"rendered":"A Chuva Do Consolador &#8211; Hino da Harpa Crist\u00e3 N\u00ba441"},"content":{"rendered":"\n<figure class=\"wp-block-audio\"><audio controls src=\"https:\/\/umsocorpo.com.br\/harpa-crista\/admin\/wp-content\/uploads\/2025\/03\/a-chuva-do-consolador-hino-da-harpa-crista-no441.mp3\"><\/audio><\/figure>\n\n\n\n<p><strong>1\u00aa Estrofe<\/strong><br>\nUn\u00e2nimes ao p\u00e9 da cruz,<br>\nPedimos com fervor,<br>\nNos manda hoje, \u00f3 jesus,<br>\nO bom consolador!<\/p>\n\n\n\n<p><strong>&#8211; Coro &#8211;<\/strong><br>\nSim, manda outra chuva,<br>\n\u00d3 bom salvador!<br>\nE com tua chama<br>\nDestr\u00f3i de n\u00f3s o mal;<br>\nO d\u00e1-nos a chuva,<br>\nDo consolador;<br>\nAo povo teu inflama<br>\nCom poder celestial!<\/p>\n\n\n\n<p><strong>2\u00aa Estrofe<\/strong><br>\nQual vivo fogo ou furac\u00e3o,<br>\nO f\u00e1-lo a n\u00f3s descer;<br>\nE possa cada cora\u00e7\u00e3o<br>\nUm templo dele ser.<\/p>\n\n\n\n<p><strong>3\u00aa Estrofe<\/strong><br>\nMediante a f\u00e9 e a ora\u00e7\u00e3o,<br>\nO c\u00e9u tu abrir\u00e1s,<br>\nO \u00f3leo santo da un\u00e7\u00e3o,<br>\nEm n\u00f3s derramar\u00e1s!<\/p>\n\n\n\n<p><strong>4\u00aa Estrofe<\/strong><br>\nPedimos n\u00f3s, agora a ti<br>\n\u00d3 queima todo mal<br>\nE vivifica-nos aqui,<br>\nCom fogo celestial!<\/p>\n","protected":false},"excerpt":{"rendered":"<p>1\u00aa Estrofe Un\u00e2nimes ao p\u00e9 da cruz, Pedimos com fervor, Nos manda hoje, \u00f3 jesus, O bom consolador! &#8211; Coro &#8211; Sim, manda outra chuva, \u00d3 bom salvador! E com tua chama Destr\u00f3i de n\u00f3s o mal; O d\u00e1-nos a chuva, Do consolador; Ao povo teu inflama Com poder celestial! 2\u00aa Estrofe Qual vivo fogo&#8230; <a href=\"https:\/\/umsocorpo.com.br\/harpa-crista\/a-chuva-do-consolador-hino-da-harpa-crista-no441\/\">ler mais &raquo;<\/a><\/p>\n","protected":false},"author":1,"featured_media":0,"comment_status":"open","ping_status":"open","sticky":false,"template":"","format":"standard","meta":{"footnotes":""},"categories":[3225],"tags":[3217,1505,3219],"class_list":["post-10645","post","type-post","status-publish","format-standard","hentry","category-401-a-500","tag-crista","tag-harpa","tag-harpa-crista"],"_links":{"self":[{"href":"https:\/\/umsocorpo.com.br\/harpa-crista\/wp-json\/wp\/v2\/posts\/10645","targetHints":{"allow":["GET"]}}],"collection":[{"href":"https:\/\/umsocorpo.com.br\/harpa-crista\/wp-json\/wp\/v2\/posts"}],"about":[{"href":"https:\/\/umsocorpo.com.br\/harpa-crista\/wp-json\/wp\/v2\/types\/post"}],"author":[{"embeddable":true,"href":"https:\/\/umsocorpo.com.br\/harpa-crista\/wp-json\/wp\/v2\/users\/1"}],"replies":[{"embeddable":true,"href":"https:\/\/umsocorpo.com.br\/harpa-crista\/wp-json\/wp\/v2\/comments?post=10645"}],"version-history":[{"count":0,"href":"https:\/\/umsocorpo.com.br\/harpa-crista\/wp-json\/wp\/v2\/posts\/10645\/revisions"}],"wp:attachment":[{"href":"https:\/\/umsocorpo.com.br\/harpa-crista\/wp-json\/wp\/v2\/media?parent=10645"}],"wp:term":[{"taxonomy":"category","embeddable":true,"href":"https:\/\/umsocorpo.com.br\/harpa-crista\/wp-json\/wp\/v2\/categories?post=10645"},{"taxonomy":"post_tag","embeddable":true,"href":"https:\/\/umsocorpo.com.br\/harpa-crista\/wp-json\/wp\/v2\/tags?post=10645"}],"curies":[{"name":"wp","href":"https:\/\/api.w.org\/{rel}","templated":true}]}}