{"id":10633,"date":"2025-03-20T00:07:27","date_gmt":"2015-05-15T00:25:47","guid":{"rendered":"https:\/\/umsocorpo.com.br\/admin\/nascer-de-novo-hino-da-harpa-crista-no447\/"},"modified":"2025-03-21T08:23:20","modified_gmt":"2025-03-21T11:23:20","slug":"nascer-de-novo-hino-da-harpa-crista-no447","status":"publish","type":"post","link":"https:\/\/umsocorpo.com.br\/harpa-crista\/nascer-de-novo-hino-da-harpa-crista-no447\/","title":{"rendered":"Nascer De Novo &#8211; Hino da Harpa Crist\u00e3 N\u00ba447"},"content":{"rendered":"\n<figure class=\"wp-block-audio\"><audio controls src=\"https:\/\/umsocorpo.com.br\/harpa-crista\/admin\/wp-content\/uploads\/2025\/03\/nascer-de-novo-hino-da-harpa-crista-no447.mp3\"><\/audio><\/figure>\n\n\n\n<p><strong>1\u00aa Estrofe<\/strong><br>\nNascestes de novo? andas j\u00e1 com deus?<br>\nPertences ao povo, que vai para os c\u00e9us?<br>\nTens a lei escrita no teu cora\u00e7\u00e3o?<br>\nEm ti j\u00e1 habita plena salva\u00e7\u00e3o?<\/p>\n\n\n\n<p><strong>&#8211; Coro &#8211;<\/strong><br>\nSe o caminho \u00e9 estreito, a porta \u00e9 tamb\u00e9m,<br>\nTudo est\u00e1 feito, n\u00e3o demores, vem!<br>\nNo portai da vida cristo achar\u00e1s,<br>\nAo findar a lida l\u00e1 no c\u00e9u tu estar\u00e1s.<\/p>\n\n\n\n<p><strong>2\u00aa Estrofe<\/strong><br>\nJ\u00e1 desceste \u00e0s \u00e1guas, passaste o jord\u00e3o?<br>\nTens ainda m\u00e1goas no teu cora\u00e7\u00e3o?<br>\nFoste batizado como foi jesus?<br>\nSegues a seu lado para o c\u00e9u de luz?<\/p>\n\n\n\n<p><strong>3\u00aa Estrofe<\/strong><br>\nO poder vindouro recebeste j\u00e1?<br>\nTens o teu tesouro escondido l\u00e1?<br>\nVida de vit\u00f3ria vives j\u00e1 com deus?<br>\nMarchas para gl\u00f3ria? andas para os c\u00e9us?<\/p>\n\n\n\n<p><strong>4\u00aa Estrofe<\/strong><br>\nAo ouvir o brado: ?eis que cristo vem?,<br>\nTens te preparado pra dizer am\u00e9m?<br>\nAlvo \u00e9 teu vestido, clara \u00e9 tua luz?<br>\nCanta co?os remidos ? vem, senhor jesus.<\/p>\n","protected":false},"excerpt":{"rendered":"<p>1\u00aa Estrofe Nascestes de novo? andas j\u00e1 com deus? Pertences ao povo, que vai para os c\u00e9us? Tens a lei escrita no teu cora\u00e7\u00e3o? Em ti j\u00e1 habita plena salva\u00e7\u00e3o? &#8211; Coro &#8211; Se o caminho \u00e9 estreito, a porta \u00e9 tamb\u00e9m, Tudo est\u00e1 feito, n\u00e3o demores, vem! No portai da vida cristo achar\u00e1s, Ao&#8230; <a href=\"https:\/\/umsocorpo.com.br\/harpa-crista\/nascer-de-novo-hino-da-harpa-crista-no447\/\">ler mais &raquo;<\/a><\/p>\n","protected":false},"author":1,"featured_media":0,"comment_status":"open","ping_status":"open","sticky":false,"template":"","format":"standard","meta":{"footnotes":""},"categories":[3225],"tags":[3217,1505,3219],"class_list":["post-10633","post","type-post","status-publish","format-standard","hentry","category-401-a-500","tag-crista","tag-harpa","tag-harpa-crista"],"_links":{"self":[{"href":"https:\/\/umsocorpo.com.br\/harpa-crista\/wp-json\/wp\/v2\/posts\/10633","targetHints":{"allow":["GET"]}}],"collection":[{"href":"https:\/\/umsocorpo.com.br\/harpa-crista\/wp-json\/wp\/v2\/posts"}],"about":[{"href":"https:\/\/umsocorpo.com.br\/harpa-crista\/wp-json\/wp\/v2\/types\/post"}],"author":[{"embeddable":true,"href":"https:\/\/umsocorpo.com.br\/harpa-crista\/wp-json\/wp\/v2\/users\/1"}],"replies":[{"embeddable":true,"href":"https:\/\/umsocorpo.com.br\/harpa-crista\/wp-json\/wp\/v2\/comments?post=10633"}],"version-history":[{"count":0,"href":"https:\/\/umsocorpo.com.br\/harpa-crista\/wp-json\/wp\/v2\/posts\/10633\/revisions"}],"wp:attachment":[{"href":"https:\/\/umsocorpo.com.br\/harpa-crista\/wp-json\/wp\/v2\/media?parent=10633"}],"wp:term":[{"taxonomy":"category","embeddable":true,"href":"https:\/\/umsocorpo.com.br\/harpa-crista\/wp-json\/wp\/v2\/categories?post=10633"},{"taxonomy":"post_tag","embeddable":true,"href":"https:\/\/umsocorpo.com.br\/harpa-crista\/wp-json\/wp\/v2\/tags?post=10633"}],"curies":[{"name":"wp","href":"https:\/\/api.w.org\/{rel}","templated":true}]}}