{"id":10629,"date":"2025-03-20T00:07:29","date_gmt":"2015-05-15T00:25:46","guid":{"rendered":"https:\/\/umsocorpo.com.br\/admin\/a-beira-da-estrada-hino-da-harpa-crista-no449\/"},"modified":"2025-03-21T08:23:20","modified_gmt":"2025-03-21T11:23:20","slug":"a-beira-da-estrada-hino-da-harpa-crista-no449","status":"publish","type":"post","link":"https:\/\/umsocorpo.com.br\/harpa-crista\/a-beira-da-estrada-hino-da-harpa-crista-no449\/","title":{"rendered":"\u00c0 Beira Da Estrada &#8211; Hino da Harpa Crist\u00e3 N\u00ba449"},"content":{"rendered":"\n<figure class=\"wp-block-audio\"><audio controls src=\"https:\/\/umsocorpo.com.br\/harpa-crista\/admin\/wp-content\/uploads\/2025\/03\/a-beira-da-estrada-hino-da-harpa-crista-no449.mp3\"><\/audio><\/figure>\n\n\n\n<p><strong>1\u00aa Estrofe<\/strong><br>\n\u00c0 beira da estrada est\u00e3o<br>\nMuitos que esperam a salva\u00e7\u00e3o;<br>\nPodem tais almas sem deus perecer,<br>\nOu est\u00e1s pronto para as socorrer?<\/p>\n\n\n\n<p><strong>&#8211; Coro &#8211;<\/strong><br>\nQuem hoje dir\u00e1: ?eis-me aqui, senhor,<br>\nEu quero aos perdidos falar do amor,<br>\nA quantos na senda da vida achar,<br>\nDe cristo eu irei falar?<\/p>\n\n\n\n<p><strong>2\u00aa Estrofe<\/strong><br>\n\u00c0 beira da estrada est\u00e3o<br>\nMuitos que buscam do c\u00e9u o p\u00e3o;<br>\nPara os famintos, oh! quem falar\u00e1<br>\nDo evangelho que lhes saciar\u00e1?<\/p>\n\n\n\n<p><strong>3\u00aa Estrofe<\/strong><br>\nPelo caminho em que vais,<br>\nExistem enfermos espirituais;<br>\nQual o bom samaritano, far\u00e1s,<br>\nOu qual escriba, al\u00e9m passar\u00e1s?<\/p>\n\n\n\n<p><strong>4\u00aa Estrofe<\/strong><br>\nQuando a jornada terminar<br>\nE o fim da estrada se aproximar,<br>\nConhecer\u00e1s muitos na multid\u00e3o,<br>\nQue receberam, de deus, salva\u00e7\u00e3o.<\/p>\n","protected":false},"excerpt":{"rendered":"<p>1\u00aa Estrofe \u00c0 beira da estrada est\u00e3o Muitos que esperam a salva\u00e7\u00e3o; Podem tais almas sem deus perecer, Ou est\u00e1s pronto para as socorrer? &#8211; Coro &#8211; Quem hoje dir\u00e1: ?eis-me aqui, senhor, Eu quero aos perdidos falar do amor, A quantos na senda da vida achar, De cristo eu irei falar? 2\u00aa Estrofe \u00c0&#8230; <a href=\"https:\/\/umsocorpo.com.br\/harpa-crista\/a-beira-da-estrada-hino-da-harpa-crista-no449\/\">ler mais &raquo;<\/a><\/p>\n","protected":false},"author":1,"featured_media":0,"comment_status":"open","ping_status":"open","sticky":false,"template":"","format":"standard","meta":{"footnotes":""},"categories":[3225],"tags":[3217,1505,3219],"class_list":["post-10629","post","type-post","status-publish","format-standard","hentry","category-401-a-500","tag-crista","tag-harpa","tag-harpa-crista"],"_links":{"self":[{"href":"https:\/\/umsocorpo.com.br\/harpa-crista\/wp-json\/wp\/v2\/posts\/10629","targetHints":{"allow":["GET"]}}],"collection":[{"href":"https:\/\/umsocorpo.com.br\/harpa-crista\/wp-json\/wp\/v2\/posts"}],"about":[{"href":"https:\/\/umsocorpo.com.br\/harpa-crista\/wp-json\/wp\/v2\/types\/post"}],"author":[{"embeddable":true,"href":"https:\/\/umsocorpo.com.br\/harpa-crista\/wp-json\/wp\/v2\/users\/1"}],"replies":[{"embeddable":true,"href":"https:\/\/umsocorpo.com.br\/harpa-crista\/wp-json\/wp\/v2\/comments?post=10629"}],"version-history":[{"count":0,"href":"https:\/\/umsocorpo.com.br\/harpa-crista\/wp-json\/wp\/v2\/posts\/10629\/revisions"}],"wp:attachment":[{"href":"https:\/\/umsocorpo.com.br\/harpa-crista\/wp-json\/wp\/v2\/media?parent=10629"}],"wp:term":[{"taxonomy":"category","embeddable":true,"href":"https:\/\/umsocorpo.com.br\/harpa-crista\/wp-json\/wp\/v2\/categories?post=10629"},{"taxonomy":"post_tag","embeddable":true,"href":"https:\/\/umsocorpo.com.br\/harpa-crista\/wp-json\/wp\/v2\/tags?post=10629"}],"curies":[{"name":"wp","href":"https:\/\/api.w.org\/{rel}","templated":true}]}}